{"id":8186,"date":"2020-12-13T23:30:32","date_gmt":"2020-12-14T02:30:32","guid":{"rendered":"https:\/\/tvc16.com\/portal\/?p=8186"},"modified":"2020-12-13T23:30:35","modified_gmt":"2020-12-14T02:30:35","slug":"sesc-rj-tera-mapping-natalino-em-petropolis-atracao-comeca-na-proxima-quarta-feira-16","status":"publish","type":"post","link":"https:\/\/tvc16.com\/portal\/2020\/12\/13\/sesc-rj-tera-mapping-natalino-em-petropolis-atracao-comeca-na-proxima-quarta-feira-16\/","title":{"rendered":"Sesc RJ ter\u00e1 mapping natalino. Em Petr\u00f3polis, atra\u00e7\u00e3o come\u00e7a na pr\u00f3xima quarta-feira (16)"},"content":{"rendered":"\n<p><em>Proje\u00e7\u00e3o audiovisual percorrer\u00e1 os munic\u00edpios de Teres\u00f3polis, Petr\u00f3polis e Nova Friburgo<\/em><\/p>\n\n\n\n<p>Tr\u00eas pontos da Regi\u00e3o Serrana do Rio de Janeiro receber\u00e3o o mapping de Natal do Sesc RJ a partir deste domingo (13\/12). O trabalho audiovisual do duo Manata Laudares, batizado de &#8220;A felicidade (tamb\u00e9m) \u00e9 uma escolha&#8221;, poder\u00e1 ser visto em Teres\u00f3polis, de 13 a 15\/12, em Petr\u00f3polis, de 16 a 18\/12, e em Nova Friburgo, de 19 a 21\/12.<\/p>\n\n\n\n<p>Em Teres\u00f3polis, a proje\u00e7\u00e3o ser\u00e1 sobre a Matriz de Santa Teresa d&#8217;\u00c1vila, na Pra\u00e7a Baltasar da Silveira. Em Petr\u00f3polis, o mapping ser\u00e1 na fachada do Sesc Quitandinha. J\u00e1 em Nova Friburgo, o ponto escolhido foi a Catedral de S\u00e3o Jo\u00e3o Batista, na Pra\u00e7a Demerval Barbosa Moreira. As proje\u00e7\u00f5es acontecem das 19h \u00e0s 22h, com a exce\u00e7\u00e3o do dia 13,&nbsp;em Teres\u00f3polis, com in\u00edcio \u00e0s 20h30.<\/p>\n\n\n\n<p>Sob inspira\u00e7\u00e3o da ideia de que \u201cA felicidade (tamb\u00e9m) \u00e9 uma escolha&#8221;, o duo criou um clima on\u00edrico, onde cores e sons abstratos interagem de modo inusitado, num meio ambiente generativo que potencializa e convida os mais diversos p\u00fablicos e faixas et\u00e1rias a celebrar a esperan\u00e7a.<\/p>\n\n\n\n<p>\u201cAs cores influenciam nossas vidas e nosso equil\u00edbrio, e servem para expressar e comunicar sensa\u00e7\u00f5es, atuando como desbloqueadores de energia, algo fundamental nos tempos atuais&#8221;, afirmam Franz Manata, artista, pesquisador e professor, e Saulo Laudares, artista, professor e DJ, que formam o duo.<\/p>\n\n\n\n<p>A atra\u00e7\u00e3o promovida pelo Sesc RJ tem como objetivo reacender o otimismo e a esperan\u00e7a de um novo ciclo que se iniciar\u00e1 em 2021. A ideia \u00e9 proporcionar novas formas de compreens\u00e3o sobre o Natal \u2013 que se mistura com a as tradi\u00e7\u00f5es ocidentais \u2013, valorizando manifesta\u00e7\u00f5es art\u00edsticas que v\u00e3o al\u00e9m dos tradicionais s\u00edmbolos natalinos. Nesse sentido, busca expandir o sentido aleg\u00f3rico do evento, mas mantendo sua ess\u00eancia de comunh\u00e3o, ecumenicidade, congra\u00e7amento e de esperan\u00e7a em tempos vindouros.<\/p>\n\n\n\n<p><strong>Sobre o duo Manata Laudares<\/strong>&nbsp;\u2013 Sediado no Rio de Janeiro, o duo formado por Franz Manata e Saulo Laudares foi criado em 1998, a partir da observa\u00e7\u00e3o acerca do universo do comportamento e da cultura da m\u00fasica contempor\u00e2nea. Ao longo dos anos, vem investigando o papel social do artista e sua rela\u00e7\u00e3o com a tradi\u00e7\u00e3o na era da economia da informa\u00e7\u00e3o. Seus trabalhos s\u00e3o programas que assumem diversos formatos, como espa\u00e7os de imers\u00e3o, instala\u00e7\u00f5es, resid\u00eancia e cursos, que se desdobram em produtos: fotografias, v\u00eddeos, objetos sonoros etc. Os artistas v\u00eam realizando resid\u00eancias e participando de mostras, individuais e coletivas, dentro e fora do Brasil. Foram contemplados com o Pr\u00eamio Interfer\u00eancias Urbanas e indicados ao Pr\u00eamio Pipa, e possuem trabalhos em importantes cole\u00e7\u00f5es e acervos. Desde 2009 coordenam o programa Arte Sonora na Escola de Artes Visuais do Parque Lage. S\u00e3o representados pela S\u00e9 Galeria, de S\u00e3o Paulo.<\/p>\n\n\n\n<p><strong>SERVI\u00c7O<\/strong><\/p>\n\n\n\n<p><strong>Mapping de Natal Sesc RJ<\/strong><\/p>\n\n\n\n<p>&#8220;A felicidade (tamb\u00e9m) \u00e9 uma escolha&#8221;,<\/p>\n\n\n\n<p>Duo Manata Laudares<\/p>\n\n\n\n<p>Teres\u00f3polis: Dias 13, das 20h30 \u00e0s 22h, e 14 e 15, das 19h \u00e0s 22h<\/p>\n\n\n\n<p>Local: Matriz de Santa Teresa d&#8217;\u00c1vila &#8211; Pra\u00e7a Baltasar da Silveira<\/p>\n\n\n\n<p>Petr\u00f3polis: Dias 16, 17 e 18\/12, das 19h \u00e0s 22h<\/p>\n\n\n\n<p>Local: Sesc Quitandinha &#8211; Avenida Joaquim Rolla, 2<\/p>\n\n\n\n<p>Nova Friburgo: 19, 20 e 21, das 19h \u00e0s 22h<\/p>\n\n\n\n<p>Local: Catedral de S\u00e3o Jo\u00e3o Batista &#8211; Pra\u00e7a Demerval Barbosa Moreira<\/p>\n","protected":false},"excerpt":{"rendered":"<p>Proje\u00e7\u00e3o audiovisual percorrer\u00e1 os munic\u00edpios de Teres\u00f3polis, Petr\u00f3polis e Nova Friburgo Tr\u00eas pontos da Regi\u00e3o<\/p>\n","protected":false},"author":2,"featured_media":8187,"comment_status":"open","ping_status":"open","sticky":false,"template":"","format":"standard","meta":{"footnotes":""},"categories":[12],"tags":[],"class_list":["post-8186","post","type-post","status-publish","format-standard","has-post-thumbnail","hentry","category-cidade"],"_links":{"self":[{"href":"https:\/\/tvc16.com\/portal\/wp-json\/wp\/v2\/posts\/8186","targetHints":{"allow":["GET"]}}],"collection":[{"href":"https:\/\/tvc16.com\/portal\/wp-json\/wp\/v2\/posts"}],"about":[{"href":"https:\/\/tvc16.com\/portal\/wp-json\/wp\/v2\/types\/post"}],"author":[{"embeddable":true,"href":"https:\/\/tvc16.com\/portal\/wp-json\/wp\/v2\/users\/2"}],"replies":[{"embeddable":true,"href":"https:\/\/tvc16.com\/portal\/wp-json\/wp\/v2\/comments?post=8186"}],"version-history":[{"count":1,"href":"https:\/\/tvc16.com\/portal\/wp-json\/wp\/v2\/posts\/8186\/revisions"}],"predecessor-version":[{"id":8188,"href":"https:\/\/tvc16.com\/portal\/wp-json\/wp\/v2\/posts\/8186\/revisions\/8188"}],"wp:featuredmedia":[{"embeddable":true,"href":"https:\/\/tvc16.com\/portal\/wp-json\/wp\/v2\/media\/8187"}],"wp:attachment":[{"href":"https:\/\/tvc16.com\/portal\/wp-json\/wp\/v2\/media?parent=8186"}],"wp:term":[{"taxonomy":"category","embeddable":true,"href":"https:\/\/tvc16.com\/portal\/wp-json\/wp\/v2\/categories?post=8186"},{"taxonomy":"post_tag","embeddable":true,"href":"https:\/\/tvc16.com\/portal\/wp-json\/wp\/v2\/tags?post=8186"}],"curies":[{"name":"wp","href":"https:\/\/api.w.org\/{rel}","templated":true}]}}