{"id":8195,"date":"2020-12-14T10:59:28","date_gmt":"2020-12-14T13:59:28","guid":{"rendered":"https:\/\/tvc16.com\/portal\/?p=8195"},"modified":"2020-12-14T10:59:32","modified_gmt":"2020-12-14T13:59:32","slug":"brasil-tera-eclipse-solar-parcial-hoje-entre-meio-dia-e-15h","status":"publish","type":"post","link":"https:\/\/tvc16.com\/portal\/2020\/12\/14\/brasil-tera-eclipse-solar-parcial-hoje-entre-meio-dia-e-15h\/","title":{"rendered":"Brasil ter\u00e1 eclipse solar parcial hoje, entre meio-dia e 15h"},"content":{"rendered":"\n<h3 class=\"wp-block-heading\">Fen\u00f4meno ser\u00e1 mais vis\u00edvel na Regi\u00e3o Sul do pa\u00eds<\/h3>\n\n\n\n<p><\/p>\n\n\n\n<p>Um eclipse solar poder\u00e1 ser parcialmente&nbsp;visto&nbsp;hoje&nbsp;(14) no Brasil. De acordo com o professor do Instituto Federal de Santa Catarina (IFSC) e coordenador do projeto Astro&amp;F\u00edsica, Marcelo Schappo, quanto mais ao Sul for feita a observa\u00e7\u00e3o, maior ser\u00e1 a \u00e1rea do Sol encoberta pela Lua. O evento come\u00e7a a partir do meio-dia e se encerra por volta das 15h.<img decoding=\"async\" src=\"https:\/\/agenciabrasil.ebc.com.br\/ebc.png?id=1396353&amp;o=node\"><img decoding=\"async\" src=\"https:\/\/agenciabrasil.ebc.com.br\/ebc.gif?id=1396353&amp;o=node\"><\/p>\n\n\n\n<p>Schappo, no entanto, alerta que a observa\u00e7\u00e3o n\u00e3o deve ser feita nem a olho nu, nem com \u00f3culos escuros, chapas de Raio X ou filmes fotogr\u00e1ficos porque a claridade e o calor do Sol podem danificar seriamente a retina dos observadores.<\/p>\n\n\n\n<p>\u201cQuem quiser fazer a observa\u00e7\u00e3o deve procurar, em lojas de ferragens ou de materiais de constru\u00e7\u00e3o, o chamado vidro de solda, e a tonalidade desse vidro deve ser, no m\u00ednimo, 14. \u00c9 esse vidro que deve ser colocado na frente dos olhos para fazer a observa\u00e7\u00e3o do Sol\u201d, sugere Schappo.<\/p>\n\n\n\n<p>O f\u00edsico explica que eclipses s\u00e3o resultado de alinhamentos. No caso do fen\u00f4meno de hoje, o alinhamento ser\u00e1 entre o Sol, a Lua e a Terra. \u201cVeremos a Lua passando em frente ao Sol, obscurecendo uma parte do disco solar. O hor\u00e1rio e a dura\u00e7\u00e3o do eclipse depende do local onde a pessoa esteja. No Brasil, ser\u00e1 mais ou menos entre 12h30 e 15h, no hor\u00e1rio de Bras\u00edlia\u201d.<\/p>\n\n\n\n<p>O f\u00edsico sugere que as pessoas interessadas em fazer a observa\u00e7\u00e3o busquem aplicativos como o Stelarium ou o Google Skymap, para saber, de forma precisa, o hor\u00e1rio em que o eclipse ser\u00e1 vis\u00edvel em sua regi\u00e3o. \u201cQuanto mais ao sul do Brasil, maior o encobrimento. Na Regi\u00e3o Sul, cobrir\u00e1 entre 40 e 60%. Em Bras\u00edlia, cerca de 10%. Em algumas localidades da Argentina e do Chile ele ser\u00e1 total\u201d, informa Schappo.<\/p>\n\n\n\n<p>De acordo como o Observat\u00f3rio Nacional, o eclipse solar de hoje&nbsp;poder\u00e1 ser visto em boa parte da Regi\u00e3o Centro-Oeste e em uma pequena parte das regi\u00f5es Norte e Nordeste, mas ser\u00e1 vis\u00edvel em todo Sul e Sudeste brasileiro, desde que o c\u00e9u n\u00e3o esteja encoberto.<\/p>\n\n\n\n<p>\u201cNo Rio&nbsp;de Janeiro&nbsp;o in\u00edcio ser\u00e1 \u00e0s 12h57min, o m\u00e1ximo \u00e0s 14h14min e o fim \u00e0s 15h22 e somente 31% do Sol ficar\u00e1 escuro\u201d, informa o Observat\u00f3rio Nacional.<\/p>\n\n\n\n<p>*<em>Colaborou Adrielen Alves<\/em><\/p>\n\n\n\n<p>Edi\u00e7\u00e3o: Denise Griesinger<\/p>\n","protected":false},"excerpt":{"rendered":"<p>Fen\u00f4meno ser\u00e1 mais vis\u00edvel na Regi\u00e3o Sul do pa\u00eds Um eclipse solar poder\u00e1 ser parcialmente&nbsp;visto&nbsp;hoje&nbsp;(14)<\/p>\n","protected":false},"author":2,"featured_media":8196,"comment_status":"open","ping_status":"open","sticky":false,"template":"","format":"standard","meta":{"footnotes":""},"categories":[17],"tags":[],"class_list":["post-8195","post","type-post","status-publish","format-standard","has-post-thumbnail","hentry","category-outras-noticias"],"_links":{"self":[{"href":"https:\/\/tvc16.com\/portal\/wp-json\/wp\/v2\/posts\/8195","targetHints":{"allow":["GET"]}}],"collection":[{"href":"https:\/\/tvc16.com\/portal\/wp-json\/wp\/v2\/posts"}],"about":[{"href":"https:\/\/tvc16.com\/portal\/wp-json\/wp\/v2\/types\/post"}],"author":[{"embeddable":true,"href":"https:\/\/tvc16.com\/portal\/wp-json\/wp\/v2\/users\/2"}],"replies":[{"embeddable":true,"href":"https:\/\/tvc16.com\/portal\/wp-json\/wp\/v2\/comments?post=8195"}],"version-history":[{"count":1,"href":"https:\/\/tvc16.com\/portal\/wp-json\/wp\/v2\/posts\/8195\/revisions"}],"predecessor-version":[{"id":8197,"href":"https:\/\/tvc16.com\/portal\/wp-json\/wp\/v2\/posts\/8195\/revisions\/8197"}],"wp:featuredmedia":[{"embeddable":true,"href":"https:\/\/tvc16.com\/portal\/wp-json\/wp\/v2\/media\/8196"}],"wp:attachment":[{"href":"https:\/\/tvc16.com\/portal\/wp-json\/wp\/v2\/media?parent=8195"}],"wp:term":[{"taxonomy":"category","embeddable":true,"href":"https:\/\/tvc16.com\/portal\/wp-json\/wp\/v2\/categories?post=8195"},{"taxonomy":"post_tag","embeddable":true,"href":"https:\/\/tvc16.com\/portal\/wp-json\/wp\/v2\/tags?post=8195"}],"curies":[{"name":"wp","href":"https:\/\/api.w.org\/{rel}","templated":true}]}}