{"id":8201,"date":"2020-12-14T12:35:14","date_gmt":"2020-12-14T15:35:14","guid":{"rendered":"https:\/\/tvc16.com\/portal\/?p=8201"},"modified":"2020-12-14T12:35:17","modified_gmt":"2020-12-14T15:35:17","slug":"covid-19-plano-nacional-de-imunizacao-e-entregue-ao-supremo-tribunal-federal","status":"publish","type":"post","link":"https:\/\/tvc16.com\/portal\/2020\/12\/14\/covid-19-plano-nacional-de-imunizacao-e-entregue-ao-supremo-tribunal-federal\/","title":{"rendered":"Covid-19: Plano Nacional de Imuniza\u00e7\u00e3o \u00e9 entregue ao Supremo Tribunal Federal"},"content":{"rendered":"\n<p>O documento foi elaborado pela Secretaria de Vigil\u00e2ncia em Sa\u00fade e assinado pelo Ministro Eduardo Pazuello<\/p>\n\n\n\n<p>Plano Nacional de Imuniza\u00e7\u00e3o contra Covid-19 foi entregue ao Supremo Tribunal Federal. O <a href=\"https:\/\/www.gov.br\/saude\/pt-br\/media\/pdf\/2020\/dezembro\/12\/2020_12_11_plano-de-vacinacao-covid19-_revisado.pdf\">documento <\/a>foi elaborado pela Secretaria de Vigil\u00e2ncia em Sa\u00fade, do Minist\u00e9rio da Sa\u00fade, e assinado pelo Ministro Eduardo Pazuello. De forma eletr\u00f4nica, o texto foi entregue \u00e0 Advocacia Geral da Uni\u00e3o e ao STF, dentro de prazo estabelecido, para que a Corte tenha ci\u00eancia e meios necess\u00e1rios para an\u00e1lise.<\/p>\n\n\n\n<p>A expectativa \u00e9 apresentar o Plano detalhadamente \u00e0 popula\u00e7\u00e3o na pr\u00f3xima quarta-feira (16), no Minist\u00e9rio da Sa\u00fade.&nbsp;<\/p>\n\n\n\n<p><strong><a href=\"https:\/\/brasil61.com\/noticias\/especial-covid-19-afinal-o-brasil-ja-esta-passando-pela-segunda-onda-da-doenca-bras202690\">Especial Covid-19: afinal, o Brasil j\u00e1 est\u00e1 passando pela segunda onda da doen\u00e7a?<\/a><\/strong><\/p>\n\n\n\n<p><strong><a href=\"https:\/\/brasil61.com\/noticias\/dois-cachorros-sao-diagnosticados-com-sars-cov-2-no-parana-bras202746\">Dois cachorros s\u00e3o diagnosticados com SARS-CoV-2 no Paran\u00e1<\/a><\/strong><\/p>\n\n\n\n<p>O Plano pode sofrer altera\u00e7\u00f5es no decorrer do processo de implementa\u00e7\u00e3o.<\/p>\n\n\n\n<p>Fonte: <a href=\"https:\/\/brasil61.com\/noticias\/covid-19-plano-nacional-de-imunizacao-e-entregue-ao-supremo-tribunal-federal-bras202995?email=bethdeoliveira@yahoo.com.br&amp;utm_source=newsletter&amp;utm_medium=newsletter&amp;utm_campaign=newsletter\" target=\"_blank\" rel=\"noreferrer noopener\">Brasil 61<\/a><\/p>\n","protected":false},"excerpt":{"rendered":"<p>O documento foi elaborado pela Secretaria de Vigil\u00e2ncia em Sa\u00fade e assinado pelo Ministro Eduardo<\/p>\n","protected":false},"author":2,"featured_media":8202,"comment_status":"open","ping_status":"open","sticky":false,"template":"","format":"standard","meta":{"footnotes":""},"categories":[17],"tags":[],"class_list":["post-8201","post","type-post","status-publish","format-standard","has-post-thumbnail","hentry","category-outras-noticias"],"_links":{"self":[{"href":"https:\/\/tvc16.com\/portal\/wp-json\/wp\/v2\/posts\/8201","targetHints":{"allow":["GET"]}}],"collection":[{"href":"https:\/\/tvc16.com\/portal\/wp-json\/wp\/v2\/posts"}],"about":[{"href":"https:\/\/tvc16.com\/portal\/wp-json\/wp\/v2\/types\/post"}],"author":[{"embeddable":true,"href":"https:\/\/tvc16.com\/portal\/wp-json\/wp\/v2\/users\/2"}],"replies":[{"embeddable":true,"href":"https:\/\/tvc16.com\/portal\/wp-json\/wp\/v2\/comments?post=8201"}],"version-history":[{"count":1,"href":"https:\/\/tvc16.com\/portal\/wp-json\/wp\/v2\/posts\/8201\/revisions"}],"predecessor-version":[{"id":8203,"href":"https:\/\/tvc16.com\/portal\/wp-json\/wp\/v2\/posts\/8201\/revisions\/8203"}],"wp:featuredmedia":[{"embeddable":true,"href":"https:\/\/tvc16.com\/portal\/wp-json\/wp\/v2\/media\/8202"}],"wp:attachment":[{"href":"https:\/\/tvc16.com\/portal\/wp-json\/wp\/v2\/media?parent=8201"}],"wp:term":[{"taxonomy":"category","embeddable":true,"href":"https:\/\/tvc16.com\/portal\/wp-json\/wp\/v2\/categories?post=8201"},{"taxonomy":"post_tag","embeddable":true,"href":"https:\/\/tvc16.com\/portal\/wp-json\/wp\/v2\/tags?post=8201"}],"curies":[{"name":"wp","href":"https:\/\/api.w.org\/{rel}","templated":true}]}}