{"id":8204,"date":"2020-12-14T14:51:50","date_gmt":"2020-12-14T17:51:50","guid":{"rendered":"https:\/\/tvc16.com\/portal\/?p=8204"},"modified":"2020-12-14T14:51:54","modified_gmt":"2020-12-14T17:51:54","slug":"comunicado-sesc","status":"publish","type":"post","link":"https:\/\/tvc16.com\/portal\/2020\/12\/14\/comunicado-sesc\/","title":{"rendered":"COMUNICADO SESC"},"content":{"rendered":"\n<p>O Sesc RJ informa o cancelamento da proje\u00e7\u00e3o mapeada natalina prevista para acontecer entre os dias 16 e 18 de dezembro em Petr\u00f3polis. A medida foi tomada por motivo de seguran\u00e7a diante do aumento no n\u00famero de casos de Covid-19 na cidade.<\/p>\n","protected":false},"excerpt":{"rendered":"<p>O Sesc RJ informa o cancelamento da proje\u00e7\u00e3o mapeada natalina prevista para acontecer entre os<\/p>\n","protected":false},"author":2,"featured_media":8187,"comment_status":"open","ping_status":"open","sticky":false,"template":"","format":"standard","meta":{"footnotes":""},"categories":[12],"tags":[],"class_list":["post-8204","post","type-post","status-publish","format-standard","has-post-thumbnail","hentry","category-cidade"],"_links":{"self":[{"href":"https:\/\/tvc16.com\/portal\/wp-json\/wp\/v2\/posts\/8204","targetHints":{"allow":["GET"]}}],"collection":[{"href":"https:\/\/tvc16.com\/portal\/wp-json\/wp\/v2\/posts"}],"about":[{"href":"https:\/\/tvc16.com\/portal\/wp-json\/wp\/v2\/types\/post"}],"author":[{"embeddable":true,"href":"https:\/\/tvc16.com\/portal\/wp-json\/wp\/v2\/users\/2"}],"replies":[{"embeddable":true,"href":"https:\/\/tvc16.com\/portal\/wp-json\/wp\/v2\/comments?post=8204"}],"version-history":[{"count":1,"href":"https:\/\/tvc16.com\/portal\/wp-json\/wp\/v2\/posts\/8204\/revisions"}],"predecessor-version":[{"id":8205,"href":"https:\/\/tvc16.com\/portal\/wp-json\/wp\/v2\/posts\/8204\/revisions\/8205"}],"wp:featuredmedia":[{"embeddable":true,"href":"https:\/\/tvc16.com\/portal\/wp-json\/wp\/v2\/media\/8187"}],"wp:attachment":[{"href":"https:\/\/tvc16.com\/portal\/wp-json\/wp\/v2\/media?parent=8204"}],"wp:term":[{"taxonomy":"category","embeddable":true,"href":"https:\/\/tvc16.com\/portal\/wp-json\/wp\/v2\/categories?post=8204"},{"taxonomy":"post_tag","embeddable":true,"href":"https:\/\/tvc16.com\/portal\/wp-json\/wp\/v2\/tags?post=8204"}],"curies":[{"name":"wp","href":"https:\/\/api.w.org\/{rel}","templated":true}]}}