{"id":8206,"date":"2020-12-14T20:20:23","date_gmt":"2020-12-14T23:20:23","guid":{"rendered":"https:\/\/tvc16.com\/portal\/?p=8206"},"modified":"2020-12-14T22:34:59","modified_gmt":"2020-12-15T01:34:59","slug":"prefeito-confere-instalacao-do-transbordo-detrito-que-e-coletado-em-petropolis-nao-e-depositado-no-chao-todo-residuo-sai-dos-caminhoes-direto-para-as-carretas-que-fazem-o-transporte-para-o","status":"publish","type":"post","link":"https:\/\/tvc16.com\/portal\/2020\/12\/14\/prefeito-confere-instalacao-do-transbordo-detrito-que-e-coletado-em-petropolis-nao-e-depositado-no-chao-todo-residuo-sai-dos-caminhoes-direto-para-as-carretas-que-fazem-o-transporte-para-o\/","title":{"rendered":"Prefeito confere instala\u00e7\u00e3o do transbordo: detrito que \u00e9 coletado em Petr\u00f3polis n\u00e3o \u00e9 depositado no ch\u00e3o \u2013 todo res\u00edduo sai dos caminh\u00f5es direto para as carretas que fazem o transporte para o aterro de Tr\u00eas Rios."},"content":{"rendered":"\n<p>Toda a opera\u00e7\u00e3o do transbordo ocupa apenas cerca de 1,5 mil m\u00b2 da \u00e1rea total do terreno, que fica no km 79 da BR-040 (Duarte da Silveira). O detrito \u00e9 despejado direto nas carretas. &#8220;Antes era necess\u00e1rio depositar os res\u00edduos no ch\u00e3o e depois colocar nas carretas. Esse cen\u00e1rio n\u00e3o existe mais&#8221;, destaca o prefeito Bernardo Rossi.<\/p>\n\n\n\n<figure class=\"wp-block-image size-large\"><img loading=\"lazy\" decoding=\"async\" width=\"960\" height=\"960\" src=\"https:\/\/tvc16.com\/portal\/wp-content\/uploads\/2020\/12\/FB_IMG_1607995895454.jpg\" alt=\"\" class=\"wp-image-8235\" srcset=\"https:\/\/tvc16.com\/portal\/wp-content\/uploads\/2020\/12\/FB_IMG_1607995895454.jpg 960w, https:\/\/tvc16.com\/portal\/wp-content\/uploads\/2020\/12\/FB_IMG_1607995895454-300x300.jpg 300w, https:\/\/tvc16.com\/portal\/wp-content\/uploads\/2020\/12\/FB_IMG_1607995895454-150x150.jpg 150w, https:\/\/tvc16.com\/portal\/wp-content\/uploads\/2020\/12\/FB_IMG_1607995895454-768x768.jpg 768w\" sizes=\"auto, (max-width: 960px) 100vw, 960px\" \/><\/figure>\n\n\n\n<p>A \u00e1rea inferior recebeu a impermeabiliza\u00e7\u00e3o com uma camada de 16 cent\u00edmetros de concreto. O espa\u00e7o onde \u00e9 feito o despejo do lixo tem uma cobertura para impedir o contato de \u00e1guas pluviais e tamb\u00e9m uma tela para evitar que o vento arraste res\u00edduos para a rodovia. Foi implantado um sistema de drenagem em todo terreno. Tamb\u00e9m h\u00e1 placas solares para gerar energia para o sistema de ilumina\u00e7\u00e3o.<\/p>\n\n\n\n<figure class=\"wp-block-image size-large\"><img loading=\"lazy\" decoding=\"async\" width=\"1024\" height=\"487\" src=\"https:\/\/tvc16.com\/portal\/wp-content\/uploads\/2020\/12\/WhatsApp-Image-2020-12-14-at-15_42_35-3-1-1024x487.jpeg\" alt=\"\" class=\"wp-image-8208\" srcset=\"https:\/\/tvc16.com\/portal\/wp-content\/uploads\/2020\/12\/WhatsApp-Image-2020-12-14-at-15_42_35-3-1-1024x487.jpeg 1024w, https:\/\/tvc16.com\/portal\/wp-content\/uploads\/2020\/12\/WhatsApp-Image-2020-12-14-at-15_42_35-3-1-300x143.jpeg 300w, https:\/\/tvc16.com\/portal\/wp-content\/uploads\/2020\/12\/WhatsApp-Image-2020-12-14-at-15_42_35-3-1-768x366.jpeg 768w, https:\/\/tvc16.com\/portal\/wp-content\/uploads\/2020\/12\/WhatsApp-Image-2020-12-14-at-15_42_35-3-1.jpeg 1040w\" sizes=\"auto, (max-width: 1024px) 100vw, 1024px\" \/><figcaption>Prefeito Bernardo Rossi,  vice-prefeito Baninho, o secret\u00e1rio de Meio Ambiente, Fernando Fortes e a secret\u00e1ria&nbsp;de Seguran\u00e7a, Servi\u00e7os e Ordem P\u00fablica,&nbsp;Karina&nbsp;Bronzo e pelo diretor&nbsp;da PDCA, Jefferson Barreiros.&nbsp;&nbsp;&nbsp;<\/figcaption><\/figure>\n\n\n\n<p>O local tamb\u00e9m recebeu o plantio de cerca de 1,5 mil mudas de esp\u00e9cies nativas, com um ip\u00ea plantado no centro do terreno \u2013 o objetivo \u00e9 deixar como um marco da mudan\u00e7a radical do terreno, que agora respeita por completo o meio ambiente.<\/p>\n\n\n\n<p><strong>TAC com MP, prefeitura e \u00f3rg\u00e3os ambientais<\/strong><\/p>\n\n\n\n<p>Todo processo de adequa\u00e7\u00e3o do transbordo de lixo foi acompanhado de perto pelo Minist\u00e9rio P\u00fablico Federal, pelo ICMBio e pela APA Petr\u00f3polis. Al\u00e9m dessas obras, outros pontos determinados pelo TAC que foram providenciados pela PDCA \u2013 empresa que faz o transporte do lixo para o aterro de Tr\u00eas Rios e opera o transbordo \u2013 foram a limpeza da \u00e1rea de entorno do transbordo, instala\u00e7\u00e3o de tapume para que o lixo n\u00e3o seja arrastado para a pista, a diminui\u00e7\u00e3o da \u00e1rea utilizada no terreno. A empresa ainda fez uma pista de desacelera\u00e7\u00e3o e outra de acelera\u00e7\u00e3o, para evitar que os caminh\u00f5es trafeguem com velocidade baixa na rodovia.<\/p>\n\n\n\n<figure class=\"wp-block-image size-large\"><img loading=\"lazy\" decoding=\"async\" width=\"960\" height=\"960\" src=\"https:\/\/tvc16.com\/portal\/wp-content\/uploads\/2020\/12\/FB_IMG_1607995887776.jpg\" alt=\"\" class=\"wp-image-8238\" srcset=\"https:\/\/tvc16.com\/portal\/wp-content\/uploads\/2020\/12\/FB_IMG_1607995887776.jpg 960w, https:\/\/tvc16.com\/portal\/wp-content\/uploads\/2020\/12\/FB_IMG_1607995887776-300x300.jpg 300w, https:\/\/tvc16.com\/portal\/wp-content\/uploads\/2020\/12\/FB_IMG_1607995887776-150x150.jpg 150w, https:\/\/tvc16.com\/portal\/wp-content\/uploads\/2020\/12\/FB_IMG_1607995887776-768x768.jpg 768w\" sizes=\"auto, (max-width: 960px) 100vw, 960px\" \/><\/figure>\n\n\n\n<p>Hoje, cerca de 310 toneladas de lixo s\u00e3o coletadas diariamente em toda cidade. O servi\u00e7o passa em mais de 1,6 mil ruas ou localidades, de segunda a s\u00e1bado ou ent\u00e3o com intervalos de 48 horas. Todo res\u00edduo coletado \u00e9 levado para a esta\u00e7\u00e3o de transbordo e colocada rapidamente nas carretas para o transporte.<\/p>\n","protected":false},"excerpt":{"rendered":"<p>Toda a opera\u00e7\u00e3o do transbordo ocupa apenas cerca de 1,5 mil m\u00b2 da \u00e1rea total<\/p>\n","protected":false},"author":2,"featured_media":8210,"comment_status":"open","ping_status":"open","sticky":false,"template":"","format":"standard","meta":{"footnotes":""},"categories":[12],"tags":[],"class_list":["post-8206","post","type-post","status-publish","format-standard","has-post-thumbnail","hentry","category-cidade"],"_links":{"self":[{"href":"https:\/\/tvc16.com\/portal\/wp-json\/wp\/v2\/posts\/8206","targetHints":{"allow":["GET"]}}],"collection":[{"href":"https:\/\/tvc16.com\/portal\/wp-json\/wp\/v2\/posts"}],"about":[{"href":"https:\/\/tvc16.com\/portal\/wp-json\/wp\/v2\/types\/post"}],"author":[{"embeddable":true,"href":"https:\/\/tvc16.com\/portal\/wp-json\/wp\/v2\/users\/2"}],"replies":[{"embeddable":true,"href":"https:\/\/tvc16.com\/portal\/wp-json\/wp\/v2\/comments?post=8206"}],"version-history":[{"count":3,"href":"https:\/\/tvc16.com\/portal\/wp-json\/wp\/v2\/posts\/8206\/revisions"}],"predecessor-version":[{"id":8239,"href":"https:\/\/tvc16.com\/portal\/wp-json\/wp\/v2\/posts\/8206\/revisions\/8239"}],"wp:featuredmedia":[{"embeddable":true,"href":"https:\/\/tvc16.com\/portal\/wp-json\/wp\/v2\/media\/8210"}],"wp:attachment":[{"href":"https:\/\/tvc16.com\/portal\/wp-json\/wp\/v2\/media?parent=8206"}],"wp:term":[{"taxonomy":"category","embeddable":true,"href":"https:\/\/tvc16.com\/portal\/wp-json\/wp\/v2\/categories?post=8206"},{"taxonomy":"post_tag","embeddable":true,"href":"https:\/\/tvc16.com\/portal\/wp-json\/wp\/v2\/tags?post=8206"}],"curies":[{"name":"wp","href":"https:\/\/api.w.org\/{rel}","templated":true}]}}