{"id":82112,"date":"2024-04-24T15:09:03","date_gmt":"2024-04-24T18:09:03","guid":{"rendered":"https:\/\/tvc16.com\/portal\/?p=82112"},"modified":"2024-04-24T15:09:50","modified_gmt":"2024-04-24T18:09:50","slug":"defesa-civil-de-petropolis-retorna-para-estagio-operacional-de-normalidade-11","status":"publish","type":"post","link":"https:\/\/tvc16.com\/portal\/2024\/04\/24\/defesa-civil-de-petropolis-retorna-para-estagio-operacional-de-normalidade-11\/","title":{"rendered":"Defesa Civil de Petr\u00f3polis retorna para est\u00e1gio operacional de normalidade"},"content":{"rendered":"\n<p>A Defesa Civil do munic\u00edpio, \u00e0s 12h50 desta quarta-feira (24\/04), retornou para o est\u00e1gio operacional de normalidade tendo em vista as condi\u00e7\u00f5es de tempo est\u00e1vel no munic\u00edpio nos \u00faltimos dias.<\/p>\n\n\n\n<p>Previs\u00e3o meteorol\u00f3gica: o tempo segue est\u00e1vel no munic\u00edpio de Petr\u00f3polis, com previs\u00e3o de predom\u00ednio de c\u00e9u parcialmente nublado, sem chuva e com temperaturas elevadas nesta quarta-feira (24).<\/p>\n\n\n\n<p>A Defesa Civil pede que a popula\u00e7\u00e3o fique atenta \u00e0s pr\u00f3ximas atualiza\u00e7\u00f5es.<\/p>\n\n\n\n<p>Cadastre o seu CEP atrav\u00e9s do envio de mensagem de texto para o n\u00famero 40199 para receber os alertas e acompanhe o portal da Prefeitura de Petr\u00f3polis.<\/p>\n\n\n\n<p>O boletim meteorol\u00f3gico atualizar\u00e1 a previs\u00e3o do tempo para a cidade, podendo ser acessado atrav\u00e9s do link: http:\/\/www.petropolis.rj.gov.br\/boletim.<\/p>\n\n\n\n<p>Foto: divulga\u00e7\u00e3o<\/p>\n","protected":false},"excerpt":{"rendered":"<p>A Defesa Civil do munic\u00edpio, \u00e0s 12h50 desta quarta-feira (24\/04), retornou para o est\u00e1gio operacional<\/p>\n","protected":false},"author":2,"featured_media":55769,"comment_status":"open","ping_status":"open","sticky":false,"template":"","format":"standard","meta":{"footnotes":""},"categories":[12],"tags":[],"class_list":["post-82112","post","type-post","status-publish","format-standard","has-post-thumbnail","hentry","category-cidade"],"_links":{"self":[{"href":"https:\/\/tvc16.com\/portal\/wp-json\/wp\/v2\/posts\/82112","targetHints":{"allow":["GET"]}}],"collection":[{"href":"https:\/\/tvc16.com\/portal\/wp-json\/wp\/v2\/posts"}],"about":[{"href":"https:\/\/tvc16.com\/portal\/wp-json\/wp\/v2\/types\/post"}],"author":[{"embeddable":true,"href":"https:\/\/tvc16.com\/portal\/wp-json\/wp\/v2\/users\/2"}],"replies":[{"embeddable":true,"href":"https:\/\/tvc16.com\/portal\/wp-json\/wp\/v2\/comments?post=82112"}],"version-history":[{"count":1,"href":"https:\/\/tvc16.com\/portal\/wp-json\/wp\/v2\/posts\/82112\/revisions"}],"predecessor-version":[{"id":82113,"href":"https:\/\/tvc16.com\/portal\/wp-json\/wp\/v2\/posts\/82112\/revisions\/82113"}],"wp:featuredmedia":[{"embeddable":true,"href":"https:\/\/tvc16.com\/portal\/wp-json\/wp\/v2\/media\/55769"}],"wp:attachment":[{"href":"https:\/\/tvc16.com\/portal\/wp-json\/wp\/v2\/media?parent=82112"}],"wp:term":[{"taxonomy":"category","embeddable":true,"href":"https:\/\/tvc16.com\/portal\/wp-json\/wp\/v2\/categories?post=82112"},{"taxonomy":"post_tag","embeddable":true,"href":"https:\/\/tvc16.com\/portal\/wp-json\/wp\/v2\/tags?post=82112"}],"curies":[{"name":"wp","href":"https:\/\/api.w.org\/{rel}","templated":true}]}}