{"id":82129,"date":"2024-04-25T05:00:00","date_gmt":"2024-04-25T08:00:00","guid":{"rendered":"https:\/\/tvc16.com\/portal\/?p=82129"},"modified":"2024-04-24T17:41:50","modified_gmt":"2024-04-24T20:41:50","slug":"rj-para-todos-prefeitura-de-teresopolis-e-governo-do-estado-levam-mutirao-de-servicos-gratuitos-para-bonsucesso","status":"publish","type":"post","link":"https:\/\/tvc16.com\/portal\/2024\/04\/25\/rj-para-todos-prefeitura-de-teresopolis-e-governo-do-estado-levam-mutirao-de-servicos-gratuitos-para-bonsucesso\/","title":{"rendered":"\u2018RJ para Todos\u2019: Prefeitura de Teres\u00f3polis e Governo do Estado levam mutir\u00e3o de servi\u00e7os gratuitos para Bonsucesso"},"content":{"rendered":"\n<p>No pr\u00f3ximo s\u00e1bado, 27, Teres\u00f3polis receber\u00e1 mais uma edi\u00e7\u00e3o do programa \u2018RJ para Todos\u2019 do Governo do Estado. Dessa vez, os atendimentos ser\u00e3o na Pra\u00e7a Samuel de Paula Mac\u00e1rio, em Bonsucesso, no 3\u00ba Distrito. Iniciativa da Secretaria de Estado de Governo em parceria com a Prefeitura de Teres\u00f3polis, por meio das Secretarias Municipais de Trabalho, Emprego e Economia Solid\u00e1ria e de Governo e Coordena\u00e7\u00e3o, a a\u00e7\u00e3o social&nbsp;acontecer\u00e1&nbsp;das 9h \u00e0s 15h, com distribui\u00e7\u00e3o de senhas at\u00e9 \u00e0s 13h.<\/p>\n\n\n\n<p>\u201cO projeto \u00e9 fruto da uni\u00e3o do governo do estado com a Prefeitura. Agrade\u00e7o ao governador Cl\u00e1udio Castro por mais essa parceria em prol da nossa popula\u00e7\u00e3o. J\u00e1 atendemos milhares de pessoas nas edi\u00e7\u00f5es realizadas na Fonte Santa, S\u00e3o Pedro, Meudon e no Gin\u00e1sio Pedr\u00e3o, com o SOS Chuvas, e agora o interior tamb\u00e9m ser\u00e1 contemplado. Convido a todos para participar!\u201d, destaca o Prefeito&nbsp;Vinicius&nbsp;Claussen.<\/p>\n\n\n\n<p>O secret\u00e1rio municipal de Trabalho, Emprego e Economia Solid\u00e1ria, Hudson Fernandes, tamb\u00e9m enfatiza sobre a import\u00e2ncia da a\u00e7\u00e3o social. \u201cAs edi\u00e7\u00f5es do evento que realizamos foram um sucesso, com milhares de atendimentos gratuitos. Tamb\u00e9m tivemos uma edi\u00e7\u00e3o especial voltada para os moradores das \u00e1reas afetadas pelas chuvas de 22 de mar\u00e7o. Mais uma vez levaremos dignidade e cidadania para a comunidade de Bonsucesso e arredores.\u201d<\/p>\n\n\n\n<p><strong>Atendimentos<\/strong><\/p>\n\n\n\n<p>Equipes do Detran-RJ, Funda\u00e7\u00e3o Le\u00e3o XIII e Procon-RJ v\u00e3o oferecer requerimento de 1\u00aa e 2\u00aa vias do documento de identidade; isen\u00e7\u00e3o de taxa para 2\u00aa via de certid\u00e3o de nascimento, \u00f3bito, casamento e servi\u00e7os referentes \u00e0 defesa do consumidor, entre outros atendimentos.<\/p>\n\n\n\n<p>\u201cO programa RJ para Todos \u00e9 uma iniciativa que promove cidadania e oportunidades para a popula\u00e7\u00e3o. A uni\u00e3o dos governos estadual e municipal \u00e9 fundamental para proporcionar atendimento humanizado e melhor qualidade de vida, especialmente para pessoas em vulnerabilidade social\u201d, comenta Alex Castellar, assessor especial do Governador Cl\u00e1udio Castro.<\/p>\n\n\n\n<p>Servidores das secretarias municipais de Trabalho e de Assist\u00eancia Social e Direitos Humanos disponibilizar\u00e3o balc\u00e3o de emprego e confec\u00e7\u00e3o da carteira de trabalho digital; acolhimento social, com inscri\u00e7\u00e3o e atualiza\u00e7\u00e3o do Cad\u00danico. O p\u00fablico contar\u00e1 tamb\u00e9m com corte de cabelo e sess\u00f5es de massagem corporal, tudo de gra\u00e7a.\u00a0\u00a0<\/p>\n\n\n\n<p>Foto: internet <\/p>\n","protected":false},"excerpt":{"rendered":"<p>No pr\u00f3ximo s\u00e1bado, 27, Teres\u00f3polis receber\u00e1 mais uma edi\u00e7\u00e3o do programa \u2018RJ para Todos\u2019 do<\/p>\n","protected":false},"author":2,"featured_media":52685,"comment_status":"open","ping_status":"open","sticky":false,"template":"","format":"standard","meta":{"footnotes":""},"categories":[17],"tags":[],"class_list":["post-82129","post","type-post","status-publish","format-standard","has-post-thumbnail","hentry","category-outras-noticias"],"_links":{"self":[{"href":"https:\/\/tvc16.com\/portal\/wp-json\/wp\/v2\/posts\/82129","targetHints":{"allow":["GET"]}}],"collection":[{"href":"https:\/\/tvc16.com\/portal\/wp-json\/wp\/v2\/posts"}],"about":[{"href":"https:\/\/tvc16.com\/portal\/wp-json\/wp\/v2\/types\/post"}],"author":[{"embeddable":true,"href":"https:\/\/tvc16.com\/portal\/wp-json\/wp\/v2\/users\/2"}],"replies":[{"embeddable":true,"href":"https:\/\/tvc16.com\/portal\/wp-json\/wp\/v2\/comments?post=82129"}],"version-history":[{"count":1,"href":"https:\/\/tvc16.com\/portal\/wp-json\/wp\/v2\/posts\/82129\/revisions"}],"predecessor-version":[{"id":82130,"href":"https:\/\/tvc16.com\/portal\/wp-json\/wp\/v2\/posts\/82129\/revisions\/82130"}],"wp:featuredmedia":[{"embeddable":true,"href":"https:\/\/tvc16.com\/portal\/wp-json\/wp\/v2\/media\/52685"}],"wp:attachment":[{"href":"https:\/\/tvc16.com\/portal\/wp-json\/wp\/v2\/media?parent=82129"}],"wp:term":[{"taxonomy":"category","embeddable":true,"href":"https:\/\/tvc16.com\/portal\/wp-json\/wp\/v2\/categories?post=82129"},{"taxonomy":"post_tag","embeddable":true,"href":"https:\/\/tvc16.com\/portal\/wp-json\/wp\/v2\/tags?post=82129"}],"curies":[{"name":"wp","href":"https:\/\/api.w.org\/{rel}","templated":true}]}}