{"id":82137,"date":"2024-04-25T07:53:52","date_gmt":"2024-04-25T10:53:52","guid":{"rendered":"https:\/\/tvc16.com\/portal\/?p=82137"},"modified":"2024-04-25T07:53:53","modified_gmt":"2024-04-25T10:53:53","slug":"gaeco-mprj-cumpre-mandados-contra-integrantes-de-milicia-e-policiais-militares-e-civil","status":"publish","type":"post","link":"https:\/\/tvc16.com\/portal\/2024\/04\/25\/gaeco-mprj-cumpre-mandados-contra-integrantes-de-milicia-e-policiais-militares-e-civil\/","title":{"rendered":"GAECO\/MPRJ cumpre mandados contra integrantes de mil\u00edcia e policiais militares e civil"},"content":{"rendered":"\n<p>O Minist\u00e9rio P\u00fablico do Estado do Rio de Janeiro (MPRJ), por meio do Grupo de Atua\u00e7\u00e3o Especializada no Combate ao Crime Organizado (GAECO\/MPRJ), com o apoio da Coordenadoria de Seguran\u00e7a e Intelig\u00eancia (CSI\/MPRJ), cumpre, nesta quinta-feira (25), 12 mandados de pris\u00e3o e oito de busca e apreens\u00e3o contra integrantes de uma mil\u00edcia que atua na Comunidade Bateau Mouche, na Pra\u00e7a Seca, em Jacarepagu\u00e1. O GAECO\/MPRJ denunciou \u00e0 Justi\u00e7a 16 pessoas por associa\u00e7\u00e3o criminosa, extors\u00e3o a comerciantes, empreendedores, vendedores ambulantes e mototaxistas, bem como corrup\u00e7\u00e3o ativa.<\/p>\n\n\n\n<p>Entre os denunciados na opera\u00e7\u00e3o Naufr\u00e1gio est\u00e3o um policial civil e dois policiais militares do Batalh\u00e3o de Opera\u00e7\u00f5es Especiais da Pol\u00edcia Militar do Estado do Rio de Janeiro (BOPE\/ PMERJ). Na den\u00fancia, o GAECO\/MPRJ aponta a estreita rela\u00e7\u00e3o existente entre os integrantes do grupo criminoso e os policiais. A a\u00e7\u00e3o conta com o apoio da Corregedoria Geral da Pol\u00edcia Militar, da Corregedoria-Geral de Pol\u00edcia Civil (CGPOL), da Delegacia de Repress\u00e3o aos Crimes Contra a Propriedade Imaterial (DRCPIM) e da DC-Polinter.<\/p>\n\n\n\n<p>Os mandados foram expedidos pela 1\u00aa Vara Especializada em Organiza\u00e7\u00e3o Criminosa e est\u00e3o sendo cumpridos em diversos endere\u00e7os do Rio de Janeiro. Foi determinada a suspens\u00e3o das fun\u00e7\u00f5es p\u00fablicas dos policiais militares e do policial civil. Tamb\u00e9m foram determinados o sequestro de bens e o bloqueio de valores das contas dos denunciados, al\u00e9m de outras medidas cautelares.<\/p>\n\n\n\n<p>De acordo com o GAECO\/MPRJ, o grupo criminoso mantinha envolvimento com PMs para que fornecessem informa\u00e7\u00f5es privilegiadas. A rela\u00e7\u00e3o com policiais civis servia para que n\u00e3o fossem \u201cincomodados\u201d na realiza\u00e7\u00e3o de suas atividades criminosas com investiga\u00e7\u00f5es e eventuais pris\u00f5es em flagrante, mediante pagamento de valores indevidos, de forma peri\u00f3dica. Al\u00e9m disso, os agentes de seguran\u00e7a forneciam material b\u00e9lico (desviados de apreens\u00f5es) e at\u00e9 uniformes aos criminosos.<\/p>\n\n\n\n<p>A partir dos dados levantados pelo GAECO\/MPRJ, verificou-se uma extensa rede criminosa, com diversos \u00e1udios determinando aos associados e subordinados cobran\u00e7as de taxas, compra de material b\u00e9lico, dentre outras atividades, incluindo pagamento de propina a policiais militares e civis. Um dos denunciados, que inclusive exercia fun\u00e7\u00e3o de lideran\u00e7a na mil\u00edcia da Comunidade Bateau Mouche at\u00e9 o final do ano de 2021, foi desligado do grupo criminoso e passou a fazer parte da \u201cMil\u00edcia do Zinho\u201d, que atua em outras localidades da Zona Oeste.<\/p>\n\n\n\n<p>Tamb\u00e9m entre os denunciados pelo GAECO\/MPRJ h\u00e1 um homem que j\u00e1 foi preso temporariamente, por ind\u00edcios de envolvimento com a pr\u00e1tica de um delito de homic\u00eddio em 2017, em S\u00e3o Gon\u00e7alo, e atualmente se faz passar por policial civil, permanecendo no interior de delegacias policiais, utilizando arma, uniforme e distintivo, al\u00e9m de participar de opera\u00e7\u00f5es em viatura oficial. O denunciado tem contatos com diversas unidades policiais e, inclusive, nos quadros da Corregedoria da corpora\u00e7\u00e3o.<\/p>\n\n\n\n<p>Por MPRJ<\/p>\n","protected":false},"excerpt":{"rendered":"<p>O Minist\u00e9rio P\u00fablico do Estado do Rio de Janeiro (MPRJ), por meio do Grupo de<\/p>\n","protected":false},"author":2,"featured_media":82138,"comment_status":"open","ping_status":"open","sticky":false,"template":"","format":"standard","meta":{"footnotes":""},"categories":[17],"tags":[],"class_list":["post-82137","post","type-post","status-publish","format-standard","has-post-thumbnail","hentry","category-outras-noticias"],"_links":{"self":[{"href":"https:\/\/tvc16.com\/portal\/wp-json\/wp\/v2\/posts\/82137","targetHints":{"allow":["GET"]}}],"collection":[{"href":"https:\/\/tvc16.com\/portal\/wp-json\/wp\/v2\/posts"}],"about":[{"href":"https:\/\/tvc16.com\/portal\/wp-json\/wp\/v2\/types\/post"}],"author":[{"embeddable":true,"href":"https:\/\/tvc16.com\/portal\/wp-json\/wp\/v2\/users\/2"}],"replies":[{"embeddable":true,"href":"https:\/\/tvc16.com\/portal\/wp-json\/wp\/v2\/comments?post=82137"}],"version-history":[{"count":1,"href":"https:\/\/tvc16.com\/portal\/wp-json\/wp\/v2\/posts\/82137\/revisions"}],"predecessor-version":[{"id":82139,"href":"https:\/\/tvc16.com\/portal\/wp-json\/wp\/v2\/posts\/82137\/revisions\/82139"}],"wp:featuredmedia":[{"embeddable":true,"href":"https:\/\/tvc16.com\/portal\/wp-json\/wp\/v2\/media\/82138"}],"wp:attachment":[{"href":"https:\/\/tvc16.com\/portal\/wp-json\/wp\/v2\/media?parent=82137"}],"wp:term":[{"taxonomy":"category","embeddable":true,"href":"https:\/\/tvc16.com\/portal\/wp-json\/wp\/v2\/categories?post=82137"},{"taxonomy":"post_tag","embeddable":true,"href":"https:\/\/tvc16.com\/portal\/wp-json\/wp\/v2\/tags?post=82137"}],"curies":[{"name":"wp","href":"https:\/\/api.w.org\/{rel}","templated":true}]}}