{"id":82140,"date":"2024-04-25T08:16:44","date_gmt":"2024-04-25T11:16:44","guid":{"rendered":"https:\/\/tvc16.com\/portal\/?p=82140"},"modified":"2024-04-25T08:16:45","modified_gmt":"2024-04-25T11:16:45","slug":"museu-imperial-promove-mais-uma-edicao-do-projeto-fale-me-de-petropolis","status":"publish","type":"post","link":"https:\/\/tvc16.com\/portal\/2024\/04\/25\/museu-imperial-promove-mais-uma-edicao-do-projeto-fale-me-de-petropolis\/","title":{"rendered":"Museu Imperial promove mais uma edi\u00e7\u00e3o do projeto \u201cFale-me de Petr\u00f3polis\u201d."},"content":{"rendered":"\n<p>Natalia da Paz Lage, convidada da edi\u00e7\u00e3o, apresentar\u00e1 o tema &#8220;A forma\u00e7\u00e3o da comunidade portuguesa de Santa Isabel em Petr\u00f3polis no per\u00edodo da Ditadura Salazarista&#8221;, nesta quinta-feira (25), \u00e0s 14h30.<\/p>\n\n\n\n<p>Nas d\u00e9cadas de 1940 e 1950, a partir da sa\u00edda de homens, mulheres e fam\u00edlias inteiras de Portugal com destino a Petr\u00f3polis, tivemos a forma\u00e7\u00e3o da comunidade de Santa Isabel, no bairro Caxambu. Na data em que s\u00e3o comemorados os 50 anos da &#8220;Revolu\u00e7\u00e3o dos Cravos&#8221;, em Portugal, a proposta \u00e9 apresentar os motivos da sa\u00edda desses imigrantes das freguesias de origem, intrinsecamente relacionados \u00e0s medidas tomadas pelo governo Salazarista, apresentando relatos de vida de nove imigrantes, ainda moradores na comunidade, que vieram no per\u00edodo demarcado.<\/p>\n\n\n\n<p>Sobre o evento: O nome \u201cFale-me de Petr\u00f3polis\u201d surgiu em homenagem a uma frase do imperador d. Pedro II que, durante o per\u00edodo de ex\u00edlio, enviava cartas aos amigos e pedia not\u00edcias sobre a cidade que tanto amava. Em sua 47\u00aa edi\u00e7\u00e3o, acontece mensalmente, sendo norteado por um tema relacionado \u00e0 hist\u00f3ria de Petr\u00f3polis. O encontro recebe pessoas que, ao longo de um bate-papo, resgatam mem\u00f3rias da cidade. O projeto integra parte da miss\u00e3o do Museu Imperial: pesquisar e comunicar a mem\u00f3ria e a hist\u00f3ria da cidade de Petr\u00f3polis.<\/p>\n\n\n\n<p>O evento \u00e9 aberto ao p\u00fablico, acontecer\u00e1 na Biblioteca do Museu Imperial e n\u00e3o \u00e9 necess\u00e1rio agendamento ou inscri\u00e7\u00e3o.<\/p>\n\n\n\n<p>Sobre a convidada: Doutoranda e mestra em Hist\u00f3ria Pol\u00edtica, na linha de Pol\u00edtica e Cultura, pelo Instituto de Filosofia e Ci\u00eancias Humanas da Universidade do Estado do Rio de Janeiro (IFCH-UERJ), com pesquisa financiada pela Funda\u00e7\u00e3o Carlos Chagas Filho de Amparo \u00e0 Pesquisa do Estado do Rio de Janeiro (FAPERJ), como bolsista Mestrado Nota 10. P\u00f3s-graduanda vinculada ao Laborat\u00f3rio de Estudos de Imigra\u00e7\u00e3o (LABIMI). Membro da Associa\u00e7\u00e3o Brasileira de Hist\u00f3ria Oral (ABHO). Graduada em Hist\u00f3ria no Centro de Teologia e Humanidades da Universidade Cat\u00f3lica de Petr\u00f3polis (CTH-UCP). \u00c9 pesquisadora do Laborat\u00f3rio de an\u00e1lise de Fontes Eclesi\u00e1sticas e Hist\u00f3ria Social (LAPHIS\/UCP\/CNPq), atuando na linha de pesquisa Hist\u00f3ria Social, Mem\u00f3ria e Cultura; e do N\u00facleo de Hist\u00f3ria Oral Vidas em Movimento (NEHOVidas em Movimento\/UERJ). Estagi\u00e1ria do Instituto Brasileiro de Museus (Ibram), auxiliar nos servi\u00e7os administrativos, setor educativo e cultural do Museu Pal\u00e1cio Rio Negro (2018-2020). Formada no curso T\u00e9cnico em Produ\u00e7\u00e3o Audiovisual pela Escola Estadual Dom Pedro II (2014-2016).<\/p>\n\n\n\n<p><em>N\u00facleo de Comunica\u00e7\u00e3o Museu Imperial<\/em><\/p>\n","protected":false},"excerpt":{"rendered":"<p>Natalia da Paz Lage, convidada da edi\u00e7\u00e3o, apresentar\u00e1 o tema &#8220;A forma\u00e7\u00e3o da comunidade portuguesa<\/p>\n","protected":false},"author":2,"featured_media":44109,"comment_status":"open","ping_status":"open","sticky":false,"template":"","format":"standard","meta":{"footnotes":""},"categories":[12],"tags":[],"class_list":["post-82140","post","type-post","status-publish","format-standard","has-post-thumbnail","hentry","category-cidade"],"_links":{"self":[{"href":"https:\/\/tvc16.com\/portal\/wp-json\/wp\/v2\/posts\/82140","targetHints":{"allow":["GET"]}}],"collection":[{"href":"https:\/\/tvc16.com\/portal\/wp-json\/wp\/v2\/posts"}],"about":[{"href":"https:\/\/tvc16.com\/portal\/wp-json\/wp\/v2\/types\/post"}],"author":[{"embeddable":true,"href":"https:\/\/tvc16.com\/portal\/wp-json\/wp\/v2\/users\/2"}],"replies":[{"embeddable":true,"href":"https:\/\/tvc16.com\/portal\/wp-json\/wp\/v2\/comments?post=82140"}],"version-history":[{"count":1,"href":"https:\/\/tvc16.com\/portal\/wp-json\/wp\/v2\/posts\/82140\/revisions"}],"predecessor-version":[{"id":82141,"href":"https:\/\/tvc16.com\/portal\/wp-json\/wp\/v2\/posts\/82140\/revisions\/82141"}],"wp:featuredmedia":[{"embeddable":true,"href":"https:\/\/tvc16.com\/portal\/wp-json\/wp\/v2\/media\/44109"}],"wp:attachment":[{"href":"https:\/\/tvc16.com\/portal\/wp-json\/wp\/v2\/media?parent=82140"}],"wp:term":[{"taxonomy":"category","embeddable":true,"href":"https:\/\/tvc16.com\/portal\/wp-json\/wp\/v2\/categories?post=82140"},{"taxonomy":"post_tag","embeddable":true,"href":"https:\/\/tvc16.com\/portal\/wp-json\/wp\/v2\/tags?post=82140"}],"curies":[{"name":"wp","href":"https:\/\/api.w.org\/{rel}","templated":true}]}}