{"id":82147,"date":"2024-04-25T08:54:33","date_gmt":"2024-04-25T11:54:33","guid":{"rendered":"https:\/\/tvc16.com\/portal\/?p=82147"},"modified":"2024-04-25T08:54:35","modified_gmt":"2024-04-25T11:54:35","slug":"fiocruz-conclui-projeto-de-transicao-agroecologica-em-petropolis","status":"publish","type":"post","link":"https:\/\/tvc16.com\/portal\/2024\/04\/25\/fiocruz-conclui-projeto-de-transicao-agroecologica-em-petropolis\/","title":{"rendered":"Fiocruz conclui projeto de transi\u00e7\u00e3o agroecol\u00f3gica em Petr\u00f3polis"},"content":{"rendered":"\n<p><em>Iniciativa teve atua\u00e7\u00e3o direta nos territ\u00f3rios do Brejal e Bonfim, com impacto tamb\u00e9m em outras regi\u00f5es, como Corr\u00eaas, Alto da Serra e na Comunidade do Contorno, na BR-040<\/em><\/p>\n\n\n\n<p>O projeto de transi\u00e7\u00e3o agroecol\u00f3gica para promo\u00e7\u00e3o da sa\u00fade da Fiocruz, que buscou desenvolver a\u00e7\u00f5es de apoio para o combate \u00e0 fome e uma alimenta\u00e7\u00e3o saud\u00e1vel, foi conclu\u00eddo no in\u00edcio deste m\u00eas de abril em Petr\u00f3polis. O encerramento contou com um evento no Parque Nacional Serra dos \u00d3rg\u00e3os (Parnaso) e reuniu cerca de 70 pessoas, incluindo representantes das comunidades e participantes das v\u00e1rias atividades desenvolvidas pelas equipes do F\u00f3rum Itabora\u00ed: Pol\u00edtica, Ci\u00eancia e Cultura na Sa\u00fade, programa da presid\u00eancia da Fiocruz em Petr\u00f3polis, e da Agenda de Sa\u00fade e Agroecologia da Vice-Presid\u00eancia de Ambiente, Aten\u00e7\u00e3o e Promo\u00e7\u00e3o da Sa\u00fade (VPAAPS).<\/p>\n\n\n\n<p>Com in\u00edcio em junho de 2022, o Transi\u00e7\u00e3o Agroecol\u00f3gica faz parte de uma iniciativa mais ampla, o projeto Ar\u00e1, que tem como objetivo o desenvolvimento sustent\u00e1vel e a promo\u00e7\u00e3o da sa\u00fade em popula\u00e7\u00f5es fragilizadas e comunidades tradicionais.&nbsp;<\/p>\n\n\n\n<p>Na atua\u00e7\u00e3o em Petr\u00f3polis, o Transi\u00e7\u00e3o Agroecol\u00f3gica contou com a parceria do Movimento dos Pequenos Agricultores (MPA) e da Associa\u00e7\u00e3o dos Produtores Biol\u00f3gicos do Estado do Rio de Janeiro (ABIO). As a\u00e7\u00f5es do projeto foram focadas nos territ\u00f3rios do Brejal e Bonfim, regi\u00f5es rurais da cidade, mas houve impacto tamb\u00e9m em \u00e1reas urbanas, como Corr\u00eaas, Alto da Serra e a comunidade do Contorno na BR-040.<\/p>\n\n\n\n<p>Durante o projeto, o MPA, al\u00e9m de buscar alternativas para reduzir o uso de agrot\u00f3xicos nas produ\u00e7\u00f5es de verduras e hortali\u00e7as do Bonfim, estruturou uma rede que abrangeu o planejamento, prepara\u00e7\u00e3o e log\u00edstica eficiente para distribui\u00e7\u00e3o de cestas com alimentos agroecol\u00f3gicos. Ao todo, foram distribu\u00eddas 1.600 cestas para as fam\u00edlias em vulnerabilidade identificadas pelo projeto.<\/p>\n\n\n\n<p>Este n\u00famero inclui os sacol\u00f5es populares &#8211; onde as fam\u00edlias em inseguran\u00e7a alimentar, principalmente da regi\u00e3o do Alto da Serra, a mais impactada pelas chuvas de 2022, tiveram acesso a alimentos agroecol\u00f3gicos e puderam montar sua pr\u00f3pria cesta com alimentos&nbsp;<em>in natura<\/em>. O projeto tamb\u00e9m forneceu insumos para a operacionaliza\u00e7\u00e3o de uma cozinha solid\u00e1ria na Escola Municipal Leonardo Boff, na Comunidade do Contorno.<\/p>\n\n\n\n<p>\u201cA agroecologia \u00e9 uma das principais estrat\u00e9gias para a promo\u00e7\u00e3o da sa\u00fade j\u00e1 que contribui para dar sustentabilidade e versatilidade \u00e0 produ\u00e7\u00e3o familiar de alimentos, contribuindo para combater a fome ao mesmo tempo que reduzindo o uso de insumos qu\u00edmicos com impacto prejudicial reconhecido sobre a sa\u00fade das pessoas\u201d, diz Felix Rosenberg, diretor do F\u00f3rum Itabora\u00ed \/ Fiocruz.<\/p>\n\n\n\n<p>Thiago Alves, coordenador do projeto pelo F\u00f3rum Itabora\u00ed, diz que a ideia foi unir esfor\u00e7os para aproximar as popula\u00e7\u00f5es das zonas rurais e urbanas de Petr\u00f3polis em torno do direito humano \u00e0 alimenta\u00e7\u00e3o adequada e dos princ\u00edpios agroecol\u00f3gicos que promovem sa\u00fade para a popula\u00e7\u00e3o em geral, tanto do campo quanto da cidade. \u201cAl\u00e9m disso, outro ganho da parceria foi a reaproxima\u00e7\u00e3o dos movimentos sociais junto ao munic\u00edpio, no sentido de realizar a\u00e7\u00f5es que sejam de interesse p\u00fablico dentro da tem\u00e1tica da alimenta\u00e7\u00e3o, atuando sobre os sistemas alimentares locais, inclusive propondo e criando outras formas de produ\u00e7\u00e3o, comercializa\u00e7\u00e3o e consumo, mais justas e sustent\u00e1veis\u201d, disse.<\/p>\n\n\n\n<p>Cristina Ribeiro, diretora da ABIO, parceira na articula\u00e7\u00e3o com os agricultores do Brejal, destaca a import\u00e2ncia de um pensamento voltado para a agricultura org\u00e2nica, que tem a agroecologia como base. \u201cTodos os agricultores associados \u00e0 ABIO e certificados pelo SPG-ABIO est\u00e3o em permanente transi\u00e7\u00e3o agroecol\u00f3gica, ou seja, buscando incorporar cada vez mais agroecologia aos seus sistemas produtivos. E eles s\u00e3o refer\u00eancia em conhecimento agroecol\u00f3gico e no enfrentamento dos seus desafios na pr\u00e1tica\u201d, disse.<\/p>\n\n\n\n<p>O projeto de transi\u00e7\u00e3o agroecol\u00f3gica teve tamb\u00e9m a parceria da ASPTA Agroecologia e Agricultura Familiar; da Embrapa Agrobiologia; e do Parnaso. Fomentou ainda a aproxima\u00e7\u00e3o de movimentos sociais mediante o apoio do Movimento de Atingidos por Barragens (MAB), Movimento das Comunidades Populares (MCP), Unidade de Sa\u00fade da Fam\u00edlia, Rede Bonfim +Verde, AU\u00c1 Hostel e CEI Therezinha de Jesus Lima, por meio da Secretaria Municipal de Educa\u00e7\u00e3o de Petr\u00f3polis.<\/p>\n\n\n\n<p><strong>Produ\u00e7\u00e3o agroecol\u00f3gica<\/strong><\/p>\n\n\n\n<p>O incentivo \u00e0 produ\u00e7\u00e3o agroecol\u00f3gica de alimentos para o fortalecimento da economia local, consolidando um sistema alimentar de abastecimento popular em Petr\u00f3polis, foi um dos eixos norteadores do projeto.<\/p>\n\n\n\n<p>Ana Cristina Pimenta Coelho \u00e9 agricultora do Bonfim e revelou que nem imaginava que era poss\u00edvel ter um alimento bonito e cultivado sem agrot\u00f3xico. \u201cEu jamais imaginaria que sem veneno eu ia colher uma cebolinha t\u00e3o boa quanto eu colhi daquela \u00e9poca. Tem gente que fica assim: \u2018n\u00e3o usa veneno, n\u00e3o colhe nada\u2019. N\u00e3o \u00e9 assim. N\u00e3o vai n\u00e3o botar agrot\u00f3xico e largar pra l\u00e1. Voc\u00ea tem que substituir o agrot\u00f3xico por alguma coisa que vai combater aquela praga\u201d, diz.<\/p>\n\n\n\n<p>Para auxiliar nessa transi\u00e7\u00e3o, foram realizadas na regi\u00e3o do Bonfim forma\u00e7\u00f5es de produ\u00e7\u00e3o de bioinsumos, focada em pr\u00e1ticas agroecol\u00f3gicas e t\u00e9cnicas de aperfei\u00e7oamento do plantio campon\u00eas. No local, foram desenvolvidas alternativas de aduba\u00e7\u00e3o e possibilidades para controle de pragas e doen\u00e7as com menor custo a partir da mat\u00e9ria prima que \u00e9 encontrada no pr\u00f3prio territ\u00f3rio, como bokashi &#8211; mat\u00e9ria org\u00e2nica fermentada &#8211; uma t\u00e9cnica de aduba\u00e7\u00e3o org\u00e2nica com ingredientes de origem vegetal e\/ou animal; a utiliza\u00e7\u00e3o de biofertilizantes e \u201c\u00e1gua de vidro\u201d.<\/p>\n\n\n\n<p>\u201cA utiliza\u00e7\u00e3o de bokashi faz parte das a\u00e7\u00f5es que visam a nutri\u00e7\u00e3o das plantas, o fortalecimento delas e as boas pr\u00e1ticas da agroecologia. O caminho da transi\u00e7\u00e3o agroecol\u00f3gica passa pela mudan\u00e7a dos agroecossistemas e pode acontecer de diversas formas e com etapas superpostas, que requerem posturas no planejamento, mas principalmente em seu campo pr\u00e1tico de manejo\u201d, explica a engenheira agr\u00f4noma e consultora do projeto Andresa Paiva, do MPA.<\/p>\n\n\n\n<p>O projeto de transi\u00e7\u00e3o agroecol\u00f3gica atuou tamb\u00e9m nos eixos de comercializa\u00e7\u00e3o, combate \u00e0 fome e articula\u00e7\u00e3o comunit\u00e1ria. Na parte de comercializa\u00e7\u00e3o, buscou formar circuitos curtos, desenvolvendo formas de escoamento dos alimentos produzidos no territ\u00f3rio diretamente para consumidores do munic\u00edpio. J\u00e1 o \u00faltimo eixo, concentrou-se no abastecimento de alimento agroecol\u00f3gico comunit\u00e1rio, a partir da identifica\u00e7\u00e3o de fam\u00edlias em situa\u00e7\u00e3o de inseguran\u00e7a alimentar.<\/p>\n\n\n\n<p>T\u00e9cnica em agropecu\u00e1ria e tamb\u00e9m consultora do projeto, Jeniffer Carmo diz que a cozinha solid\u00e1ria na Comunidade do Contorno, com apoio do MCP, se constitui como um legado do projeto e que ter\u00e1 o objetivo de dar continuidade ao oferecimento de alimentos nestes territ\u00f3rios em situa\u00e7\u00e3o de inseguran\u00e7a alimentar.<\/p>\n\n\n\n<p>Claudemar Mattos, da Agenda de Sa\u00fade e Agroecologia da VPAAPS, destaca que as a\u00e7\u00f5es desenvolvidas no Brejal e no Bonfim tiveram como base um estudo ecol\u00f3gico e econ\u00f4mico de agroecossistemas por meio do<a href=\"https:\/\/aspta.org.br\/2015\/05\/25\/metodo\/\" target=\"_blank\" rel=\"noreferrer noopener\">&nbsp;<\/a><a href=\"https:\/\/aspta.org.br\/2015\/05\/25\/metodo\/\" target=\"_blank\" rel=\"noreferrer noopener\">M\u00e9todo Lume<\/a>, que possibilitou que as Equipes da VPAAPS e do F\u00f3rum Itabora\u00ed, junto com as agricultoras e agricultores, dessem visibilidade tanto \u00e0s potencialidades quanto \u00e0s fragilidades e \u00e0s amea\u00e7as que condicionam o modo de vida das fam\u00edlias. \u201cCom isso, foram planejadas as a\u00e7\u00f5es subsequentes referentes \u00e0 valoriza\u00e7\u00e3o das sementes locais, apoio \u00e0 organiza\u00e7\u00e3o das mulheres, oficina de bioinsumos, avicultura e comercializa\u00e7\u00e3o com foco no abastecimento popular de alimentos\u201d, afirma.<\/p>\n\n\n\n<p>De acordo com ele, a autonomia e a integra\u00e7\u00e3o social de algumas fam\u00edlias de agricultores em Petr\u00f3polis s\u00e3o limitadas pelo acesso \u00e0 terra, que vai desde a falta de terra para plantar a amea\u00e7as \u00e0 posse de \u00e1reas de ro\u00e7a, que geram consequ\u00eancias negativas, pois fragilizam o manejo agroecol\u00f3gico da fertilidade do solo, a produtividade e a produ\u00e7\u00e3o de mudas.<\/p>\n\n\n\n<p>Durante o evento de encerramento do projeto, as fam\u00edlias que participaram do estudo do LUME receberam, em forma de fich\u00e1rio, a an\u00e1lise realizada, que \u00e9 composta pelo registro da mem\u00f3ria de toda trajet\u00f3ria daquele n\u00facleo familiar e da \u00e1rea de produ\u00e7\u00e3o,visualizando tanto as potencialidades, quanto os caminhos para maior autonomia e integra\u00e7\u00e3o social.<\/p>\n\n\n\n<p><em>Fotos: Brenda Spinosa\/MPA<\/em><\/p>\n","protected":false},"excerpt":{"rendered":"<p>Iniciativa teve atua\u00e7\u00e3o direta nos territ\u00f3rios do Brejal e Bonfim, com impacto tamb\u00e9m em outras<\/p>\n","protected":false},"author":2,"featured_media":82148,"comment_status":"open","ping_status":"open","sticky":false,"template":"","format":"standard","meta":{"footnotes":""},"categories":[12],"tags":[],"class_list":["post-82147","post","type-post","status-publish","format-standard","has-post-thumbnail","hentry","category-cidade"],"_links":{"self":[{"href":"https:\/\/tvc16.com\/portal\/wp-json\/wp\/v2\/posts\/82147","targetHints":{"allow":["GET"]}}],"collection":[{"href":"https:\/\/tvc16.com\/portal\/wp-json\/wp\/v2\/posts"}],"about":[{"href":"https:\/\/tvc16.com\/portal\/wp-json\/wp\/v2\/types\/post"}],"author":[{"embeddable":true,"href":"https:\/\/tvc16.com\/portal\/wp-json\/wp\/v2\/users\/2"}],"replies":[{"embeddable":true,"href":"https:\/\/tvc16.com\/portal\/wp-json\/wp\/v2\/comments?post=82147"}],"version-history":[{"count":1,"href":"https:\/\/tvc16.com\/portal\/wp-json\/wp\/v2\/posts\/82147\/revisions"}],"predecessor-version":[{"id":82149,"href":"https:\/\/tvc16.com\/portal\/wp-json\/wp\/v2\/posts\/82147\/revisions\/82149"}],"wp:featuredmedia":[{"embeddable":true,"href":"https:\/\/tvc16.com\/portal\/wp-json\/wp\/v2\/media\/82148"}],"wp:attachment":[{"href":"https:\/\/tvc16.com\/portal\/wp-json\/wp\/v2\/media?parent=82147"}],"wp:term":[{"taxonomy":"category","embeddable":true,"href":"https:\/\/tvc16.com\/portal\/wp-json\/wp\/v2\/categories?post=82147"},{"taxonomy":"post_tag","embeddable":true,"href":"https:\/\/tvc16.com\/portal\/wp-json\/wp\/v2\/tags?post=82147"}],"curies":[{"name":"wp","href":"https:\/\/api.w.org\/{rel}","templated":true}]}}