{"id":82150,"date":"2024-04-25T09:05:44","date_gmt":"2024-04-25T12:05:44","guid":{"rendered":"https:\/\/tvc16.com\/portal\/?p=82150"},"modified":"2024-04-25T09:05:45","modified_gmt":"2024-04-25T12:05:45","slug":"governo-do-estado-vai-contratar-4-700-professores-temporarios-para-reforco-imediato","status":"publish","type":"post","link":"https:\/\/tvc16.com\/portal\/2024\/04\/25\/governo-do-estado-vai-contratar-4-700-professores-temporarios-para-reforco-imediato\/","title":{"rendered":"Governo do Estado vai contratar 4.700 professores tempor\u00e1rios para refor\u00e7o imediato"},"content":{"rendered":"\n<p><em>Projeto aprovado pela Alerj permite a convoca\u00e7\u00e3o de at\u00e9 15 mil professores<\/em><\/p>\n\n\n\n<p>O Governo do Estado do Rio de Janeiro poder\u00e1 contratar at\u00e9 15 mil professores &#8211; por tempo determinado &#8211; para suprir car\u00eancias tempor\u00e1rias na rede estadual de ensino. A proposta foi aprovada, nesta quarta-feira (24), pela Assembleia Legislativa do Estado do Rio de Janeiro (Alerj), em regime de urg\u00eancia. Para refor\u00e7o imediato nas salas de aula, a Secretaria de Educa\u00e7\u00e3o far\u00e1 processo seletivo para 4.700 profissionais.<\/p>\n\n\n\n<p>&#8211;&nbsp; Trabalhamos para que essa aprova\u00e7\u00e3o acontecesse no menor prazo poss\u00edvel. Continuamos certos da for\u00e7a transformadora da educa\u00e7\u00e3o no futuro dos nossos jovens. \u00c9 fundamental ter a educa\u00e7\u00e3o como pilar em nossas vidas. Refor\u00e7amos, mais uma vez, o nosso compromisso de valorizar os profissionais da pasta e atender as demandas dos estudantes &#8211; disse o governador Cl\u00e1udio Castro, que estudou na rede estadual.<\/p>\n\n\n\n<p>As contrata\u00e7\u00f5es v\u00e3o suprir car\u00eancias tempor\u00e1rias, como licen\u00e7as m\u00e9dicas, afastamento por estudo e outras. O refor\u00e7o come\u00e7ar\u00e1 no segundo semestre.<\/p>\n\n\n\n<p>&nbsp;&#8211;&nbsp; Essa \u00e9 uma conquista muito importante para a educa\u00e7\u00e3o p\u00fablica no estado. As contrata\u00e7\u00f5es n\u00e3o substituem os concursos e visam suprir faltas tempor\u00e1rias. Seguimos no nosso prop\u00f3sito de oferecer um ensino de qualidade aos alunos da nossa rede e, tamb\u00e9m, as melhores condi\u00e7\u00f5es de trabalho aos nossos professores \u2013 destacou a secret\u00e1ria de Estado de Educa\u00e7\u00e3o, Roberta Barreto.<\/p>\n\n\n\n<p>Os professores contratados dever\u00e3o atuar nas escolas da rede estadual, em diferentes modalidades do ensino b\u00e1sico, incluindo as que atendem aos estudantes ind\u00edgenas e, ainda, as dos sistemas prisional e socioeducativo. Com a iniciativa, a rede estadual de ensino ir\u00e1 superar o n\u00famero de 2 mil vagas abertas em 2023.<\/p>\n","protected":false},"excerpt":{"rendered":"<p>Projeto aprovado pela Alerj permite a convoca\u00e7\u00e3o de at\u00e9 15 mil professores O Governo do<\/p>\n","protected":false},"author":2,"featured_media":82151,"comment_status":"open","ping_status":"open","sticky":false,"template":"","format":"standard","meta":{"footnotes":""},"categories":[17],"tags":[],"class_list":["post-82150","post","type-post","status-publish","format-standard","has-post-thumbnail","hentry","category-outras-noticias"],"_links":{"self":[{"href":"https:\/\/tvc16.com\/portal\/wp-json\/wp\/v2\/posts\/82150","targetHints":{"allow":["GET"]}}],"collection":[{"href":"https:\/\/tvc16.com\/portal\/wp-json\/wp\/v2\/posts"}],"about":[{"href":"https:\/\/tvc16.com\/portal\/wp-json\/wp\/v2\/types\/post"}],"author":[{"embeddable":true,"href":"https:\/\/tvc16.com\/portal\/wp-json\/wp\/v2\/users\/2"}],"replies":[{"embeddable":true,"href":"https:\/\/tvc16.com\/portal\/wp-json\/wp\/v2\/comments?post=82150"}],"version-history":[{"count":1,"href":"https:\/\/tvc16.com\/portal\/wp-json\/wp\/v2\/posts\/82150\/revisions"}],"predecessor-version":[{"id":82152,"href":"https:\/\/tvc16.com\/portal\/wp-json\/wp\/v2\/posts\/82150\/revisions\/82152"}],"wp:featuredmedia":[{"embeddable":true,"href":"https:\/\/tvc16.com\/portal\/wp-json\/wp\/v2\/media\/82151"}],"wp:attachment":[{"href":"https:\/\/tvc16.com\/portal\/wp-json\/wp\/v2\/media?parent=82150"}],"wp:term":[{"taxonomy":"category","embeddable":true,"href":"https:\/\/tvc16.com\/portal\/wp-json\/wp\/v2\/categories?post=82150"},{"taxonomy":"post_tag","embeddable":true,"href":"https:\/\/tvc16.com\/portal\/wp-json\/wp\/v2\/tags?post=82150"}],"curies":[{"name":"wp","href":"https:\/\/api.w.org\/{rel}","templated":true}]}}