{"id":82161,"date":"2024-04-25T12:00:45","date_gmt":"2024-04-25T15:00:45","guid":{"rendered":"https:\/\/tvc16.com\/portal\/?p=82161"},"modified":"2024-04-25T12:00:48","modified_gmt":"2024-04-25T15:00:48","slug":"prefeitura-de-petropolis-tem-tres-meses-para-entregar-theatro-dom-pedro-revitalizado","status":"publish","type":"post","link":"https:\/\/tvc16.com\/portal\/2024\/04\/25\/prefeitura-de-petropolis-tem-tres-meses-para-entregar-theatro-dom-pedro-revitalizado\/","title":{"rendered":"Prefeitura de Petr\u00f3polis tem tr\u00eas meses para entregar Theatro Dom Pedro revitalizado"},"content":{"rendered":"\n<p>O Theatro Dom Pedro, um dos mais importantes de Petr\u00f3polis, segue de portas fechadas. E a Prefeitura De Petr\u00f3polis tem tr\u00eas meses para entregar Theatro Dom Pedro revitalizado, em julho deste ano. O teatro municipal est\u00e1 com as portas fechadas desde 2019 para reformas. Durante esse tempo, houveram pausas e paralisa\u00e7\u00f5es da obra, al\u00e9m de uma s\u00e9rie de problemas na licita\u00e7\u00e3o do executivo para contrata\u00e7\u00e3o de empresa respons\u00e1vel pela reforma, e tudo isso acabou atrasando a entrega do espa\u00e7o para uso da popula\u00e7\u00e3o<\/p>\n\n\n\n<p>Na semana passada, a vereadora J\u00falia Casamasso fiscalizou as interven\u00e7\u00f5es. \u201cN\u00f3s da Coletiva Feminista visitamos as obras do Theatro Dom Pedro, que \u00e9 t\u00e3o importante para a nossa cidade. Essas obras est\u00e3o finalmente em andamento, depois de ficarem tanto tempo paralisadas\u201d, disse a vereadora.<\/p>\n\n\n\n<p>No in\u00edcio deste ano, a prefeitura informou que o novo teatro ter\u00e1 novas salas de dan\u00e7a e de m\u00fasica e que est\u00e1 realizando o restauro completo de toda a estrutura do pr\u00e9dio principal e do pr\u00e9dio anexo. No ano passado, o mandato da vereadora J\u00falia destinou uma emenda impositiva a compra de cadeiras para o Theatro D. Pedro, no valor total de R$ 100 mil. \u201c\u00c9 um orgulho para n\u00f3s poder fazer parte desta obra. As cadeiras ainda n\u00e3o est\u00e3o l\u00e1, mas a gente espera essa obra entregue em julho. Esse teatro \u00e9 muito importante para Petr\u00f3polis\u201d, disse J\u00falia.<\/p>\n\n\n\n<p>Segundo a placa com as informa\u00e7\u00f5es da obra, o t\u00e9rmino do prazo das interven\u00e7\u00f5es \u00e9 de 240 dias, a contar do dia 27 de novembro de 2023, ou seja, com limite at\u00e9 o dia 23 de julho deste ano. O total das interven\u00e7\u00f5es, desta vez, \u00e9 de R$2.322.890,00. A empresa respons\u00e1vel pelo servi\u00e7o \u00e9 a Engeprat Engenharia e Servi\u00e7os, vencedora de uma licita\u00e7\u00e3o realizada em agosto. A prefeitura quase perdeu R$ 1,8 milh\u00e3o de verbas do minist\u00e9rio do turismo, que foram destinadas para a reforma do espa\u00e7o. Para utiliz\u00e1-lo, as obras deveriam ser retomadas at\u00e9 dezembro, o que foi feito no m\u00eas de novembro.<\/p>\n\n\n\n<p>Em nota a prefeitura de Petr\u00f3polis informou que a obra est\u00e1 em andamento. Os principais servi\u00e7os que est\u00e3o sendo realizados s\u00e3o: restauro das pinturas art\u00edsticas; instala\u00e7\u00f5es el\u00e9tricas, hidr\u00e1ulicas e sanit\u00e1rias do anexo; pintura de parede e tetos do anexo; limpeza das fachadas; e revis\u00e3o dos revestimentos dos banheiros (coloca\u00e7\u00e3o de pe\u00e7as faltantes, rejuntamento).<\/p>\n\n\n\n<p>Texto e foto por Raphaela Cordeiro<\/p>\n","protected":false},"excerpt":{"rendered":"<p>O Theatro Dom Pedro, um dos mais importantes de Petr\u00f3polis, segue de portas fechadas. E<\/p>\n","protected":false},"author":2,"featured_media":82163,"comment_status":"open","ping_status":"open","sticky":false,"template":"","format":"standard","meta":{"footnotes":""},"categories":[12],"tags":[],"class_list":["post-82161","post","type-post","status-publish","format-standard","has-post-thumbnail","hentry","category-cidade"],"_links":{"self":[{"href":"https:\/\/tvc16.com\/portal\/wp-json\/wp\/v2\/posts\/82161","targetHints":{"allow":["GET"]}}],"collection":[{"href":"https:\/\/tvc16.com\/portal\/wp-json\/wp\/v2\/posts"}],"about":[{"href":"https:\/\/tvc16.com\/portal\/wp-json\/wp\/v2\/types\/post"}],"author":[{"embeddable":true,"href":"https:\/\/tvc16.com\/portal\/wp-json\/wp\/v2\/users\/2"}],"replies":[{"embeddable":true,"href":"https:\/\/tvc16.com\/portal\/wp-json\/wp\/v2\/comments?post=82161"}],"version-history":[{"count":1,"href":"https:\/\/tvc16.com\/portal\/wp-json\/wp\/v2\/posts\/82161\/revisions"}],"predecessor-version":[{"id":82164,"href":"https:\/\/tvc16.com\/portal\/wp-json\/wp\/v2\/posts\/82161\/revisions\/82164"}],"wp:featuredmedia":[{"embeddable":true,"href":"https:\/\/tvc16.com\/portal\/wp-json\/wp\/v2\/media\/82163"}],"wp:attachment":[{"href":"https:\/\/tvc16.com\/portal\/wp-json\/wp\/v2\/media?parent=82161"}],"wp:term":[{"taxonomy":"category","embeddable":true,"href":"https:\/\/tvc16.com\/portal\/wp-json\/wp\/v2\/categories?post=82161"},{"taxonomy":"post_tag","embeddable":true,"href":"https:\/\/tvc16.com\/portal\/wp-json\/wp\/v2\/tags?post=82161"}],"curies":[{"name":"wp","href":"https:\/\/api.w.org\/{rel}","templated":true}]}}