{"id":82178,"date":"2024-04-25T13:21:50","date_gmt":"2024-04-25T16:21:50","guid":{"rendered":"https:\/\/tvc16.com\/portal\/?p=82178"},"modified":"2024-04-25T13:21:51","modified_gmt":"2024-04-25T16:21:51","slug":"brasil-tem-quase-4-milhoes-de-casos-provaveis-de-dengue","status":"publish","type":"post","link":"https:\/\/tvc16.com\/portal\/2024\/04\/25\/brasil-tem-quase-4-milhoes-de-casos-provaveis-de-dengue\/","title":{"rendered":"Brasil tem quase 4 milh\u00f5es de casos prov\u00e1veis de dengue"},"content":{"rendered":"\n<h4 class=\"wp-block-heading\">Por Paula Laboissi\u00e8re \u2013 Rep\u00f3rter da Ag\u00eancia Brasil &#8211; Bras\u00edlia<audio src=\"https:\/\/tts-app.ebc.com.br\/media\/tts\/220634.mp3\"><\/audio><\/h4>\n\n\n\n<p>O Painel de Monitoramento das Arboviroses do Minist\u00e9rio da Sa\u00fade contabiliza nesta quinta-feira (25) 3.852.901 casos prov\u00e1veis de dengue registrados em todo o pa\u00eds nos quatro primeiros meses de 2024. O n\u00famero representa mais que o dobro de casos prov\u00e1veis da doen\u00e7a identificados ao longo de todo o ano passado: 1.649.144.<\/p>\n\n\n\n<p>Dados da pasta indicam ainda 1.792 \u00f3bitos confirmados por dengue em 2024, al\u00e9m de 2.216 mortes em investiga\u00e7\u00e3o. O coeficiente de incid\u00eancia da doen\u00e7a no pa\u00eds, neste momento, \u00e9 1.897,4 casos por cada 100 mil habitantes. A letalidade em casos prov\u00e1veis \u00e9 0,05 e a letalidade em casos de dengue grave \u00e9 4,43.<\/p>\n\n\n\n<p>A maioria dos casos prov\u00e1veis segue concentrada na faixa dos 20 aos 29 anos, seguida pelas faixas dos 30 aos 39 anos, dos 40 aos 49 anos e dos 50 aos 59 anos. J\u00e1 a faixa et\u00e1ria menos atingida \u00e9 a de crian\u00e7as menores de 1 ano, seguida por pessoas com 80 anos ou mais e por crian\u00e7as de 1 a 4 anos.<\/p>\n\n\n\n<p>Minas Gerais ainda responde pelo maior n\u00famero de casos prov\u00e1veis de dengue (1.167.056). Em seguida est\u00e3o S\u00e3o Paulo (927.065), Paran\u00e1 (391.031) e Distrito Federal (232.899). J\u00e1 os estados com menor n\u00famero de casos prov\u00e1veis s\u00e3o Roraima (252), Sergipe (3.053), Amap\u00e1 (4.480) e Rond\u00f4nia (4.715).<\/p>\n\n\n\n<p>Quando se considera o coeficiente de incid\u00eancia da doen\u00e7a, o Distrito Federal aparece em primeiro lugar, com 8.267,4 casos para cada grupo de 100 mil habitantes. Em seguida est\u00e3o Minas Gerais (5.682,2), Paran\u00e1 (3.417,1) e Esp\u00edrito Santo (2.994). J\u00e1 as unidades federativas com menor coeficiente s\u00e3o Roraima (39,6), Cear\u00e1 (109,3), Sergipe (138,2) e Maranh\u00e3o (138,4).<\/p>\n\n\n\n<p>Edi\u00e7\u00e3o: A\u00e9cio Amado<\/p>\n","protected":false},"excerpt":{"rendered":"<p>Por Paula Laboissi\u00e8re \u2013 Rep\u00f3rter da Ag\u00eancia Brasil &#8211; Bras\u00edlia O Painel de Monitoramento das<\/p>\n","protected":false},"author":2,"featured_media":82179,"comment_status":"open","ping_status":"open","sticky":false,"template":"","format":"standard","meta":{"footnotes":""},"categories":[17],"tags":[],"class_list":["post-82178","post","type-post","status-publish","format-standard","has-post-thumbnail","hentry","category-outras-noticias"],"_links":{"self":[{"href":"https:\/\/tvc16.com\/portal\/wp-json\/wp\/v2\/posts\/82178","targetHints":{"allow":["GET"]}}],"collection":[{"href":"https:\/\/tvc16.com\/portal\/wp-json\/wp\/v2\/posts"}],"about":[{"href":"https:\/\/tvc16.com\/portal\/wp-json\/wp\/v2\/types\/post"}],"author":[{"embeddable":true,"href":"https:\/\/tvc16.com\/portal\/wp-json\/wp\/v2\/users\/2"}],"replies":[{"embeddable":true,"href":"https:\/\/tvc16.com\/portal\/wp-json\/wp\/v2\/comments?post=82178"}],"version-history":[{"count":1,"href":"https:\/\/tvc16.com\/portal\/wp-json\/wp\/v2\/posts\/82178\/revisions"}],"predecessor-version":[{"id":82180,"href":"https:\/\/tvc16.com\/portal\/wp-json\/wp\/v2\/posts\/82178\/revisions\/82180"}],"wp:featuredmedia":[{"embeddable":true,"href":"https:\/\/tvc16.com\/portal\/wp-json\/wp\/v2\/media\/82179"}],"wp:attachment":[{"href":"https:\/\/tvc16.com\/portal\/wp-json\/wp\/v2\/media?parent=82178"}],"wp:term":[{"taxonomy":"category","embeddable":true,"href":"https:\/\/tvc16.com\/portal\/wp-json\/wp\/v2\/categories?post=82178"},{"taxonomy":"post_tag","embeddable":true,"href":"https:\/\/tvc16.com\/portal\/wp-json\/wp\/v2\/tags?post=82178"}],"curies":[{"name":"wp","href":"https:\/\/api.w.org\/{rel}","templated":true}]}}