{"id":8218,"date":"2020-12-14T20:37:34","date_gmt":"2020-12-14T23:37:34","guid":{"rendered":"https:\/\/tvc16.com\/portal\/?p=8218"},"modified":"2020-12-14T20:37:36","modified_gmt":"2020-12-14T23:37:36","slug":"na-tarde-desta-segunda-feira-14-faleceu-vitima-de-covid-19-o-ex-candidato-a-vice-prefeito-pelo-avante-valdemar-vasconcelos","status":"publish","type":"post","link":"https:\/\/tvc16.com\/portal\/2020\/12\/14\/na-tarde-desta-segunda-feira-14-faleceu-vitima-de-covid-19-o-ex-candidato-a-vice-prefeito-pelo-avante-valdemar-vasconcelos\/","title":{"rendered":"Na tarde desta segunda feira (14) faleceu, v\u00edtima de Covid-19, o ex candidato a vice Prefeito, pelo Avante, Valdemar Vasconcelos"},"content":{"rendered":"\n<p><br>Valdemar tinha 66 anos e estava internado desde 26 de novembro, no Hospital Santa Teresa.<br>Valdemar era empres\u00e1rio e na \u00faltima elei\u00e7\u00e3o aceitou compor nominata do Avante, como candidato a vice Prefeito , ao lado de Ramon Mello.<br>Valdemar deixa a esposa Nora, as filhas Rosa e Valqu\u00edria e os<br>netos, Vitor e Luca.<br>Como a causa da morte \u00e9 Covid, n\u00e3o haver\u00e1 vel\u00f3rio e o sepultamento ser\u00e1 amanh\u00e3, \u00e0s 14h.<br>Sobre o amigo Valdemar, Ramon Mello declarou em suas m\u00eddias sociais:<br>&#8220;Hoje, perdi muita coisa. Perdi desde um companheiro de chapa ao melhor amigo dos \u00faltimos tempos. Padrinho, irm\u00e3o, ombro amigo, fortaleza do meu casamento, companheiro de viagens e gargalhadas, cliente, meio pai, meio filho, sim, tamb\u00e9m aceitava meus conselhos. S\u00f3 n\u00e3o choramos juntos. Quem vai chorar ser\u00e1 apenas eu. V\u00e1 em paz! Voc\u00ea cumpriu a sua miss\u00e3o, Valdemar!&#8221;<\/p>\n\n\n\n<figure class=\"wp-block-image size-large\"><img loading=\"lazy\" decoding=\"async\" width=\"1024\" height=\"1024\" src=\"https:\/\/tvc16.com\/portal\/wp-content\/uploads\/2020\/12\/FB_IMG_1607988814214-1024x1024.jpg\" alt=\"\" class=\"wp-image-8219\" srcset=\"https:\/\/tvc16.com\/portal\/wp-content\/uploads\/2020\/12\/FB_IMG_1607988814214-1024x1024.jpg 1024w, https:\/\/tvc16.com\/portal\/wp-content\/uploads\/2020\/12\/FB_IMG_1607988814214-300x300.jpg 300w, https:\/\/tvc16.com\/portal\/wp-content\/uploads\/2020\/12\/FB_IMG_1607988814214-150x150.jpg 150w, https:\/\/tvc16.com\/portal\/wp-content\/uploads\/2020\/12\/FB_IMG_1607988814214-768x768.jpg 768w, https:\/\/tvc16.com\/portal\/wp-content\/uploads\/2020\/12\/FB_IMG_1607988814214.jpg 1080w\" sizes=\"auto, (max-width: 1024px) 100vw, 1024px\" \/><figcaption>Foto facebook: Ramon Mello e Valdemar Vasconcelos nas elei\u00e7\u00f5es <\/figcaption><\/figure>\n","protected":false},"excerpt":{"rendered":"<p>Valdemar tinha 66 anos e estava internado desde 26 de novembro, no Hospital Santa Teresa.Valdemar<\/p>\n","protected":false},"author":2,"featured_media":8220,"comment_status":"open","ping_status":"open","sticky":false,"template":"","format":"standard","meta":{"footnotes":""},"categories":[12],"tags":[],"class_list":["post-8218","post","type-post","status-publish","format-standard","has-post-thumbnail","hentry","category-cidade"],"_links":{"self":[{"href":"https:\/\/tvc16.com\/portal\/wp-json\/wp\/v2\/posts\/8218","targetHints":{"allow":["GET"]}}],"collection":[{"href":"https:\/\/tvc16.com\/portal\/wp-json\/wp\/v2\/posts"}],"about":[{"href":"https:\/\/tvc16.com\/portal\/wp-json\/wp\/v2\/types\/post"}],"author":[{"embeddable":true,"href":"https:\/\/tvc16.com\/portal\/wp-json\/wp\/v2\/users\/2"}],"replies":[{"embeddable":true,"href":"https:\/\/tvc16.com\/portal\/wp-json\/wp\/v2\/comments?post=8218"}],"version-history":[{"count":1,"href":"https:\/\/tvc16.com\/portal\/wp-json\/wp\/v2\/posts\/8218\/revisions"}],"predecessor-version":[{"id":8221,"href":"https:\/\/tvc16.com\/portal\/wp-json\/wp\/v2\/posts\/8218\/revisions\/8221"}],"wp:featuredmedia":[{"embeddable":true,"href":"https:\/\/tvc16.com\/portal\/wp-json\/wp\/v2\/media\/8220"}],"wp:attachment":[{"href":"https:\/\/tvc16.com\/portal\/wp-json\/wp\/v2\/media?parent=8218"}],"wp:term":[{"taxonomy":"category","embeddable":true,"href":"https:\/\/tvc16.com\/portal\/wp-json\/wp\/v2\/categories?post=8218"},{"taxonomy":"post_tag","embeddable":true,"href":"https:\/\/tvc16.com\/portal\/wp-json\/wp\/v2\/tags?post=8218"}],"curies":[{"name":"wp","href":"https:\/\/api.w.org\/{rel}","templated":true}]}}