{"id":82193,"date":"2024-04-25T14:18:33","date_gmt":"2024-04-25T17:18:33","guid":{"rendered":"https:\/\/tvc16.com\/portal\/?p=82193"},"modified":"2024-04-25T14:18:34","modified_gmt":"2024-04-25T17:18:34","slug":"primeiro-festival-literario-da-educacao-de-jovens-e-adultos-e-realizado-em-petropolis","status":"publish","type":"post","link":"https:\/\/tvc16.com\/portal\/2024\/04\/25\/primeiro-festival-literario-da-educacao-de-jovens-e-adultos-e-realizado-em-petropolis\/","title":{"rendered":"Primeiro Festival Liter\u00e1rio da Educa\u00e7\u00e3o de Jovens e Adultos \u00e9 realizado em Petr\u00f3polis"},"content":{"rendered":"\n<p>O Pal\u00e1cio de Cristal foi palco do 1\u00ba Festival Liter\u00e1rio da Educa\u00e7\u00e3o de Jovens e Adultos de Petr\u00f3polis \u2013 FeLiEJA 2024. O evento aconteceu na noite de quarta-feira (24) e reuniu cerca de 150 pessoas, entre alunos e alunas da EJA, familiares e profissionais da Educa\u00e7\u00e3o.<\/p>\n\n\n\n<p>O professor Bibiano Gomes de Almeida Filho foi o homenageado da noite. \u201cNingu\u00e9m chega a algum lugar sozinho. Eu n\u00e3o sou, n\u00f3s somos\u201d, disse emocionado o professor, acrescentando: \u201cO cora\u00e7\u00e3o hoje est\u00e1 aberto e apertado ao mesmo tempo\u201d, frisou o homenageado.<\/p>\n\n\n\n<p>\u201cComo professora fico muito feliz em ver essa casa cheia e com essa participa\u00e7\u00e3o de tantas alunos e alunas. Contar sobre os sonhos e locais de onde voc\u00eas vieram \u00e9 algo que deixa os nossos cora\u00e7\u00f5es em festa. Parab\u00e9ns e todos e todas\u201d, disse a secret\u00e1ria de Educa\u00e7\u00e3o, Cec\u00edlia Pinheiro.<\/p>\n\n\n\n<p>Participaram do 1\u00ba FeLiEJA as escolas: E.M. Professora Maria Campos da Silva. E.M. Geraldo Ventura Dias, Casa da Educa\u00e7\u00e3o Visconde de Mau\u00e1, Liceu Municipal Carlos Chagas Filho, E. Paroquial S\u00e3o Pedro de Alc\u00e2ntara, E.M. Rosemira de Oliveira Cavalcanti e E.M. Jamil Sabr\u00e1. No total, a rede municipal de ensino conta cerca de 1.200 alunos e alunas matriculados na Educa\u00e7\u00e3o de Jovens e Alunos.<\/p>\n\n\n\n<p>Confira os vencedores do 1\u00ba Festival Liter\u00e1rio da Educa\u00e7\u00e3o de Jovens e Adultos \u2013 FeLiEJA 2024:<\/p>\n\n\n\n<p>Fases Iniciais \u2013 Poesia<br>1\u00ba lugar: \u201cO meu sonho\u201d. Autora: Bibiana Veloso Chaves &#8211; Fase: I E.M. Maria Campos Professora: Tatiana Csicsay<br>2\u00ba lugar: \u201cSonhei em aprender a ler e escrever\u2026\u201d. Autora: Marilede Alves dos Santos Fase: V E.M. Geraldo Ventura Dias. Professora: Ana Paula Lopes Bernardes de Moraes<br>3\u00ba lugar: \u201cMeu sonho \u00e9 ter uma motocicleta\u2026\u201d. Autor: Marcos Luiz de Souza &#8211; Fase: I E.M. Geraldo Ventura Dias. Professora: Ana Paula Lopes Bernardes de Moraes<\/p>\n\n\n\n<p>Fases Finais \u2013 Poesia<br>1\u00ba lugar: \u201cMeu sonho\u201d. Autor: Ismael Reis de Castro Ramos &#8211; Fase: VIII Casa da Educa\u00e7\u00e3o. Professora: Tatiana<br>2\u00ba lugar: \u201cNos sonhos que tecem o amanh\u00e3\u201d. Autor: Daniel da Costa Ferreira &#8211; Fase: VII E.M. Maria Campos. Professor: Jhone Carlos<br>3\u00ba lugar: \u201cTenho sonhos\u201d. Autora: Olivia de Oliveira Silva Nascimento &#8211; Fase: VII Liceu Municipal Carlos Chagas Filho. Professora: Let\u00edcia Rodrigues dos Santos<\/p>\n\n\n\n<p>Fases Iniciais \u2013 Cr\u00f4nica<br>1\u00ba lugar: \u201cNuma manh\u00e3 de outono\u2026\u201d. Autora: Hillary Smith Serpa &#8211; Fase: V E. Paroquial S. Pedro de Alc\u00e2ntara. Professora: Bianca da Silva Affonso Lopes<br>2\u00ba lugar: \u201cO lugar de onde eu venho\u2026\u201d. Autora: Marlete dos Santos &#8211; Fase: V E.M. Maria Campos. Professora: Ana Clara S\u00e3o Thiago<br>3\u00ba lugar: \u201cDesde sempre trabalhei\u201d. Autora: Maria Lucia Farias &#8211; Fase: V E.M. Maria Campos. Professora: Ana Clara S\u00e3o Thiago<\/p>\n\n\n\n<p>Fases Finais \u2013 Cr\u00f4nica<br>1\u00ba lugar: \u201cMinha raiz\u201d. Autor: Andr\u00e9 Barbosa &#8211; Fase: VII E.M. Maria Campos Professor: Jhone Carlos<br>2\u00ba lugar: \u201cPetr\u00f3polis, a cidade maravilhosa\u201d. Autora: Celia Regina Rodrigues Camarota Fase: III E. M. Rosemira de Oliveira Cavalcanti. Professora: \u00c9rica Bello<br>3\u00ba lugar: \u201cO lugar de onde venho\u201d. Autor: Maycon Fran\u00e7a Fernandes Amaro &#8211; Fase: IX E.M. Jamil Sabr\u00e1. Professor: Leonardo Barros Medeiros<\/p>\n\n\n\n<p>Foto: divulga\u00e7\u00e3o <\/p>\n","protected":false},"excerpt":{"rendered":"<p>O Pal\u00e1cio de Cristal foi palco do 1\u00ba Festival Liter\u00e1rio da Educa\u00e7\u00e3o de Jovens e<\/p>\n","protected":false},"author":2,"featured_media":82194,"comment_status":"open","ping_status":"open","sticky":false,"template":"","format":"standard","meta":{"footnotes":""},"categories":[17],"tags":[],"class_list":["post-82193","post","type-post","status-publish","format-standard","has-post-thumbnail","hentry","category-outras-noticias"],"_links":{"self":[{"href":"https:\/\/tvc16.com\/portal\/wp-json\/wp\/v2\/posts\/82193","targetHints":{"allow":["GET"]}}],"collection":[{"href":"https:\/\/tvc16.com\/portal\/wp-json\/wp\/v2\/posts"}],"about":[{"href":"https:\/\/tvc16.com\/portal\/wp-json\/wp\/v2\/types\/post"}],"author":[{"embeddable":true,"href":"https:\/\/tvc16.com\/portal\/wp-json\/wp\/v2\/users\/2"}],"replies":[{"embeddable":true,"href":"https:\/\/tvc16.com\/portal\/wp-json\/wp\/v2\/comments?post=82193"}],"version-history":[{"count":1,"href":"https:\/\/tvc16.com\/portal\/wp-json\/wp\/v2\/posts\/82193\/revisions"}],"predecessor-version":[{"id":82195,"href":"https:\/\/tvc16.com\/portal\/wp-json\/wp\/v2\/posts\/82193\/revisions\/82195"}],"wp:featuredmedia":[{"embeddable":true,"href":"https:\/\/tvc16.com\/portal\/wp-json\/wp\/v2\/media\/82194"}],"wp:attachment":[{"href":"https:\/\/tvc16.com\/portal\/wp-json\/wp\/v2\/media?parent=82193"}],"wp:term":[{"taxonomy":"category","embeddable":true,"href":"https:\/\/tvc16.com\/portal\/wp-json\/wp\/v2\/categories?post=82193"},{"taxonomy":"post_tag","embeddable":true,"href":"https:\/\/tvc16.com\/portal\/wp-json\/wp\/v2\/tags?post=82193"}],"curies":[{"name":"wp","href":"https:\/\/api.w.org\/{rel}","templated":true}]}}