{"id":8227,"date":"2020-12-14T22:00:18","date_gmt":"2020-12-15T01:00:18","guid":{"rendered":"https:\/\/tvc16.com\/portal\/?p=8227"},"modified":"2020-12-14T22:02:10","modified_gmt":"2020-12-15T01:02:10","slug":"governo-do-rj-quita-nesta-terca-feira-15-integralmente-13o-salario-dos-servidores","status":"publish","type":"post","link":"https:\/\/tvc16.com\/portal\/2020\/12\/14\/governo-do-rj-quita-nesta-terca-feira-15-integralmente-13o-salario-dos-servidores\/","title":{"rendered":"Governo do RJ, quita nesta ter\u00e7a-feira (15) integralmente, 13\u00ba sal\u00e1rio dos servidores"},"content":{"rendered":"\n<p>O Governo do Estado do Rio de Janeiro chega ao fim de 2020 com todos os vencimentos dos servidores ativos, inativos e pensionistas pagos integralmente e em dia. A medida \u00e9 mais um compromisso firmado pelo governador em exerc\u00edcio, Cl\u00e1udio Castro, com o funcionalismo. Nesta ter\u00e7a-feira (15), ser\u00e1 quitado o 13\u00ba sal\u00e1rio deste ano. Ao todo, ser\u00e1 depositado R$ 1,57 bilh\u00e3o para 440.081 funcion\u00e1rios.<\/p>\n\n\n\n<p>\u2013 \u00c9 com imenso respeito aos servidores do Estado do Rio que encerramos 2020 sem ter atrasado os sal\u00e1rios, mesmo diante da queda abrupta de receitas no primeiro semestre deste ano. Adotar medidas para quitar os compromissos era mais do que uma obriga\u00e7\u00e3o, era demonstra\u00e7\u00e3o da import\u00e2ncia que os servidores tiveram em um ano at\u00edpico. Sabemos que todos foram incans\u00e1veis em suas \u00e1reas \u2013 refor\u00e7ou Cl\u00e1udio Castro.<\/p>\n\n\n\n<p>Nos \u00faltimos 30 dias, foram pagas tr\u00eas folhas salariais dos servidores ativos, inativos e pensionistas, com inje\u00e7\u00e3o de, pelo menos, R$ 6 bilh\u00f5es na economia fluminense. Al\u00e9m do abono natalino, o Governo do Estado j\u00e1 havia antecipado os sal\u00e1rios referentes aos meses de outubro e novembro, gra\u00e7as ao esfor\u00e7o de gest\u00e3o na \u00e1rea de fiscaliza\u00e7\u00e3o, com objetivo de aumentar a receita, e aos acordos feitos, atrav\u00e9s do di\u00e1logo, com empresas que questionavam d\u00e9bitos na justi\u00e7a, caso da Petrobras.<\/p>\n","protected":false},"excerpt":{"rendered":"<p>O Governo do Estado do Rio de Janeiro chega ao fim de 2020 com todos<\/p>\n","protected":false},"author":2,"featured_media":8230,"comment_status":"open","ping_status":"open","sticky":false,"template":"","format":"standard","meta":{"footnotes":""},"categories":[17],"tags":[],"class_list":["post-8227","post","type-post","status-publish","format-standard","has-post-thumbnail","hentry","category-outras-noticias"],"_links":{"self":[{"href":"https:\/\/tvc16.com\/portal\/wp-json\/wp\/v2\/posts\/8227","targetHints":{"allow":["GET"]}}],"collection":[{"href":"https:\/\/tvc16.com\/portal\/wp-json\/wp\/v2\/posts"}],"about":[{"href":"https:\/\/tvc16.com\/portal\/wp-json\/wp\/v2\/types\/post"}],"author":[{"embeddable":true,"href":"https:\/\/tvc16.com\/portal\/wp-json\/wp\/v2\/users\/2"}],"replies":[{"embeddable":true,"href":"https:\/\/tvc16.com\/portal\/wp-json\/wp\/v2\/comments?post=8227"}],"version-history":[{"count":1,"href":"https:\/\/tvc16.com\/portal\/wp-json\/wp\/v2\/posts\/8227\/revisions"}],"predecessor-version":[{"id":8229,"href":"https:\/\/tvc16.com\/portal\/wp-json\/wp\/v2\/posts\/8227\/revisions\/8229"}],"wp:featuredmedia":[{"embeddable":true,"href":"https:\/\/tvc16.com\/portal\/wp-json\/wp\/v2\/media\/8230"}],"wp:attachment":[{"href":"https:\/\/tvc16.com\/portal\/wp-json\/wp\/v2\/media?parent=8227"}],"wp:term":[{"taxonomy":"category","embeddable":true,"href":"https:\/\/tvc16.com\/portal\/wp-json\/wp\/v2\/categories?post=8227"},{"taxonomy":"post_tag","embeddable":true,"href":"https:\/\/tvc16.com\/portal\/wp-json\/wp\/v2\/tags?post=8227"}],"curies":[{"name":"wp","href":"https:\/\/api.w.org\/{rel}","templated":true}]}}