{"id":8231,"date":"2020-12-14T22:18:29","date_gmt":"2020-12-15T01:18:29","guid":{"rendered":"https:\/\/tvc16.com\/portal\/?p=8231"},"modified":"2020-12-14T22:20:34","modified_gmt":"2020-12-15T01:20:34","slug":"sequenciamento-de-genoma-tem-envolvimento-de-um-pesquisador-do-lncc","status":"publish","type":"post","link":"https:\/\/tvc16.com\/portal\/2020\/12\/14\/sequenciamento-de-genoma-tem-envolvimento-de-um-pesquisador-do-lncc\/","title":{"rendered":"Sequenciamento de genoma tem envolvimento de um pesquisador do LNCC"},"content":{"rendered":"\n<p>Estudo relaciona como a estrutura gen\u00e9tica e adapta\u00e7\u00e3o de povos ind\u00edgenas andinos e amaz\u00f4nicos sofreu influ\u00eancia de intera\u00e7\u00f5es culturais e geografia<\/p>\n\n\n\n<p>O sequenciamento do genoma, que envolveu um pesquisador do LNCC, descobriu ainda como as diferen\u00e7as clim\u00e1ticas e for\u00e7as evolutivas<br>tiveram influ\u00eancia sobre as variantes gen\u00e9ticas.<\/p>\n\n\n\n<p>Negligenciados nos estudos da gen\u00e9tica humana, apesar do recente interesse de pesquisadores pelo DNA antigo (aDNA) e seus ancestrais, os<br>nativos americanos &#8211; mais especificamente as popula\u00e7\u00f5es andina e amaz\u00f4nica &#8211; foram objeto de um artigo de um grupo de cientistas de 18<br>institui\u00e7\u00f5es do Brasil, Peru, Estados Unidos e It\u00e1lia. Ao sequenciarem o material gen\u00e9tico de 289 indiv\u00edduos de 18 popula\u00e7\u00f5es nativas do Peru e<br>do norte da Amaz\u00f4nia, os cientistas confirmaram que o padr\u00e3o atual de diversidade gen\u00e9tica em popula\u00e7\u00f5es humanas \u00e9 influenciado pela intera\u00e7\u00e3o<br>hist\u00f3rica e com a geografia andina.<\/p>\n\n\n\n<p>Diferen\u00e7as de altitude e climas entre o Norte, Andes mais baixos e f\u00e9rteis contra o Sul, mais altos e \u00e1ridos dos Andes e as diferen\u00e7as acentuadas entre os Andes planalto e plan\u00edcie amaz\u00f4nica, onde a sele\u00e7\u00e3o natural e outras for\u00e7as evolutivas atuaram por mil\u00eanios, moldaram as<br>frequ\u00eancias de variantes gen\u00e9ticas relacionadas a resposta imune, resposta a drogas e cardiovascular, al\u00e9m de fun\u00e7\u00f5es hematol\u00f3gicas.<\/p>\n\n\n\n<p>As popula\u00e7\u00f5es dos Andes \u00e1ridos, por exemplo, s\u00e3o geneticamente homog\u00eaneas, aparecendo como uma unidade quase panm\u00edtica, indicando uma<br>intensa intera\u00e7\u00e3o entre esses indiv\u00edduos. O padr\u00e3o de ancestralidade \u00e9 diferenciado em rela\u00e7\u00e3o \u00e0s popula\u00e7\u00f5es amaz\u00f4nicas. Por outro lado, as<br>popula\u00e7\u00f5es da costa norte (Moches e Tallanes) e no norte da Amaz\u00f4nia yunga (ou seja, Chachapoyas) compartilham o mesmo perfil de ancestralidade entre eles, que \u00e9 diferente do popula\u00e7\u00f5es dos Andes \u00e1ridos. Assim, a homogeneiza\u00e7\u00e3o dos Andes \u00e1ridos e sua diferencia\u00e7\u00e3o com respeito \u00e0s popula\u00e7\u00f5es amaz\u00f4nicas de latitudes semelhantes n\u00e3o se estendem para o norte e n\u00e3o s\u00e3o caracter\u00edsticos de todo o oeste do sul<br>Am\u00e9rica. Em vez disso, a estrutura gen\u00e9tica do oeste do Sul, as popula\u00e7\u00f5es amer\u00edndias, recapitulam o meio ambiente e a diferencia\u00e7\u00e3o<br>cultural entre os f\u00e9rteis Andes setentrionais e o sul dos Andes \u00e1ridos.<\/p>\n\n\n\n<p>O Oeste da Am\u00e9rica do Sul era um dos ber\u00e7os da civiliza\u00e7\u00e3o nas Am\u00e9ricas e no mundo. Quando o conquistador espanhol Francisco Pizarro chegou, em 1532, o Imp\u00e9rio Pan-Andino Inca governou na regi\u00e3o andina e alcan\u00e7ou n\u00edveis de desenvolvimento socioecon\u00f4mico e densidade populacional incompar\u00e1vel em outras partes da Am\u00e9rica do Sul. O Imp\u00e9rio Inca, que durou cerca de 200 anos antes da conquista, com sua arquitetura emblem\u00e1tica, como Machu Picchu e a cidade de Cuzco, foi apenas a &#8220;ponta<br>do iceberg&#8221; de um milenar processo evolutivo cultural e biol\u00f3gico. Este processo come\u00e7ou 11.000 a 14.000 anos atr\u00e1s com o povoamento desta<br>regi\u00e3o, que envolve toda a regi\u00e3o andina e seus adjacentes e estreitos Costa do Pac\u00edfico.<\/p>\n\n\n\n<p>Entre os cientistas que assinam o artigo, est\u00e1 o pesquisador de p\u00f3s-doutorado do laborat\u00f3rio de Bioinform\u00e1tica do Laborat\u00f3rio Nacional<br>de Computa\u00e7\u00e3o Cient\u00edfica &#8211; LNCC\/MCTI (unidade de pesquisa do Minist\u00e9rio da Ci\u00eancia, Tecnologia e Inova\u00e7\u00f5es), localizado em Petr\u00f3polis, na Regi\u00e3o<br>Serrana do Rio de Janeiro, Victor Borda.<\/p>\n\n\n\n<p> &#8220;O estudo marca um importante passo no entendimento dos fatores que moldam a diversidade gen\u00e9tica dos povos nativos americanos. Os estudos arqueol\u00f3gicos tinham descrito que existia uma maior intera\u00e7\u00e3o cultural atrav\u00e9s dos Andes do norte do Peru em compara\u00e7\u00e3o com o sul onde a altura dos Andes \u00e9 maior. Numa colabora\u00e7\u00e3o com o Instituto Nacional de Sa\u00fade do Peru, a UFMG, a Universidade de Maryland, o LNCC e Comunidades ind\u00edgenas, desenvolvemos o estudo no qual geramos informa\u00e7\u00e3o gen\u00e9tica de popula\u00e7\u00f5es nativas do litoral, andes e Amaz\u00f4nia. Conseguimos demonstrar que a intera\u00e7\u00e3o entre os povos n\u00e3o foi s\u00f3 um evento cultural sen\u00e3o tamb\u00e9m houve fluxo de pessoas e mistura entre popula\u00e7\u00f5es do litoral e amaz\u00f4nicas atrav\u00e9s dos Andes norte do Peru. Al\u00e9m disso, encontramos sinais de sele\u00e7\u00e3o natural<br>que explicariam como foi o processo adaptativo do povoamento nos Andes e na Amaz\u00f4nia&#8221;, destaca.<\/p>\n","protected":false},"excerpt":{"rendered":"<p>Estudo relaciona como a estrutura gen\u00e9tica e adapta\u00e7\u00e3o de povos ind\u00edgenas andinos e amaz\u00f4nicos sofreu<\/p>\n","protected":false},"author":2,"featured_media":8232,"comment_status":"open","ping_status":"open","sticky":false,"template":"","format":"standard","meta":{"footnotes":""},"categories":[12],"tags":[],"class_list":["post-8231","post","type-post","status-publish","format-standard","has-post-thumbnail","hentry","category-cidade"],"_links":{"self":[{"href":"https:\/\/tvc16.com\/portal\/wp-json\/wp\/v2\/posts\/8231","targetHints":{"allow":["GET"]}}],"collection":[{"href":"https:\/\/tvc16.com\/portal\/wp-json\/wp\/v2\/posts"}],"about":[{"href":"https:\/\/tvc16.com\/portal\/wp-json\/wp\/v2\/types\/post"}],"author":[{"embeddable":true,"href":"https:\/\/tvc16.com\/portal\/wp-json\/wp\/v2\/users\/2"}],"replies":[{"embeddable":true,"href":"https:\/\/tvc16.com\/portal\/wp-json\/wp\/v2\/comments?post=8231"}],"version-history":[{"count":2,"href":"https:\/\/tvc16.com\/portal\/wp-json\/wp\/v2\/posts\/8231\/revisions"}],"predecessor-version":[{"id":8234,"href":"https:\/\/tvc16.com\/portal\/wp-json\/wp\/v2\/posts\/8231\/revisions\/8234"}],"wp:featuredmedia":[{"embeddable":true,"href":"https:\/\/tvc16.com\/portal\/wp-json\/wp\/v2\/media\/8232"}],"wp:attachment":[{"href":"https:\/\/tvc16.com\/portal\/wp-json\/wp\/v2\/media?parent=8231"}],"wp:term":[{"taxonomy":"category","embeddable":true,"href":"https:\/\/tvc16.com\/portal\/wp-json\/wp\/v2\/categories?post=8231"},{"taxonomy":"post_tag","embeddable":true,"href":"https:\/\/tvc16.com\/portal\/wp-json\/wp\/v2\/tags?post=8231"}],"curies":[{"name":"wp","href":"https:\/\/api.w.org\/{rel}","templated":true}]}}