{"id":8249,"date":"2020-12-15T09:24:04","date_gmt":"2020-12-15T12:24:04","guid":{"rendered":"https:\/\/tvc16.com\/portal\/?p=8249"},"modified":"2020-12-15T09:24:07","modified_gmt":"2020-12-15T12:24:07","slug":"morre-no-rio-o-cantor-paulinho-do-grupo-roupa-nova","status":"publish","type":"post","link":"https:\/\/tvc16.com\/portal\/2020\/12\/15\/morre-no-rio-o-cantor-paulinho-do-grupo-roupa-nova\/","title":{"rendered":"Morre, no Rio, o cantor Paulinho, do grupo Roupa Nova"},"content":{"rendered":"\n<h3 class=\"wp-block-heading\">Ele fazia parte da forma\u00e7\u00e3o original da banda<\/h3>\n\n\n\n<figure class=\"wp-block-image size-large\"><img loading=\"lazy\" decoding=\"async\" width=\"512\" height=\"385\" src=\"https:\/\/tvc16.com\/portal\/wp-content\/uploads\/2020\/12\/images-1-4.jpeg\" alt=\"\" class=\"wp-image-8252\" srcset=\"https:\/\/tvc16.com\/portal\/wp-content\/uploads\/2020\/12\/images-1-4.jpeg 512w, https:\/\/tvc16.com\/portal\/wp-content\/uploads\/2020\/12\/images-1-4-300x226.jpeg 300w, https:\/\/tvc16.com\/portal\/wp-content\/uploads\/2020\/12\/images-1-4-200x150.jpeg 200w\" sizes=\"auto, (max-width: 512px) 100vw, 512px\" \/><figcaption>Grupo Roupa Nova<\/figcaption><\/figure>\n\n\n\n<figure class=\"wp-block-image\"><img decoding=\"async\" src=\"https:\/\/agenciabrasil.ebc.com.br\/ebc.png?id=1396433&amp;o=node\" alt=\"\"\/><\/figure>\n\n\n\n<figure class=\"wp-block-image\"><img decoding=\"async\" src=\"https:\/\/agenciabrasil.ebc.com.br\/ebc.gif?id=1396433&amp;o=node\" alt=\"\"\/><\/figure>\n\n\n\n<p>No m\u00eas passado, Paulinho foi internado com covid-19. A morte de Paulinho foi confirmada pela banda. Agora h\u00e1 pouco, o hospital confirmou a morte do cantor. \u201cO Hospital Copa D&#8217;Or &nbsp;lamenta a morte do paciente Paulo C\u00e9sar dos Santos na noite desta segunda-feira e informa que n\u00e3o tem autoriza\u00e7\u00e3o da fam\u00edlia para divulgar mais detalhes\u201d.<\/p>\n\n\n\n<p>No Facebook da banda, hoje \u00e0 tarde, foi escrito um comunicado sobre o estado de sa\u00fade do cantor Paulinho, que tinha deixado a UTI para tratamento da covid-19 e estava agora em outra UTI.<\/p>\n\n\n\n<figure class=\"wp-block-image size-large\"><img loading=\"lazy\" decoding=\"async\" width=\"1024\" height=\"640\" src=\"https:\/\/tvc16.com\/portal\/wp-content\/uploads\/2020\/12\/paulinho_roupa_nova_reproducao_instagram_fixed_large-13669589-1024x640.jpg\" alt=\"\" class=\"wp-image-8251\" srcset=\"https:\/\/tvc16.com\/portal\/wp-content\/uploads\/2020\/12\/paulinho_roupa_nova_reproducao_instagram_fixed_large-13669589-1024x640.jpg 1024w, https:\/\/tvc16.com\/portal\/wp-content\/uploads\/2020\/12\/paulinho_roupa_nova_reproducao_instagram_fixed_large-13669589-300x188.jpg 300w, https:\/\/tvc16.com\/portal\/wp-content\/uploads\/2020\/12\/paulinho_roupa_nova_reproducao_instagram_fixed_large-13669589-768x480.jpg 768w, https:\/\/tvc16.com\/portal\/wp-content\/uploads\/2020\/12\/paulinho_roupa_nova_reproducao_instagram_fixed_large-13669589-1536x960.jpg 1536w, https:\/\/tvc16.com\/portal\/wp-content\/uploads\/2020\/12\/paulinho_roupa_nova_reproducao_instagram_fixed_large-13669589.jpg 1920w\" sizes=\"auto, (max-width: 1024px) 100vw, 1024px\" \/><\/figure>\n\n\n\n<p>\u201cBoa tarde pessoal, recebemos novas not\u00edcias do nosso querido Paulinho e viemos compartilhar com voc\u00eas. Ele segue hospitalizado na UTI (n\u00e3o COVID), agora em estado delicado e precisando de cuidados mais espec\u00edficos. Vamos continuar orando e mandando pensamentos positivos. Obrigado a todos por tanto carinho\u201d.<\/p>\n\n\n\n<h2 class=\"wp-block-heading\">Trajet\u00f3ria<\/h2>\n\n\n\n<p>Al\u00e9m de cantor, Paulinho tamb\u00e9m tinha a fun\u00e7\u00e3o de percussionista no grupo Roupa Nova, h\u00e1 mais de 40 anos. Ele estava na banda desde a forma\u00e7\u00e3o original.<\/p>\n\n\n\n<p>Com uma voz potente e marcante, Paulinho cantava como vocalista principal em diversas m\u00fasicas do grupo Roupa Nova, incluindo sucessos como&nbsp;<em>Can\u00e7\u00e3o de Ver\u00e3o<\/em>;&nbsp;<em>Clarear<\/em>;&nbsp;<em>Sensual<\/em>&nbsp;(na vers\u00e3o original de 1983);&nbsp;<em>Volta pra Mim<\/em>;&nbsp;<em>Whisky a Go-Go<\/em>;&nbsp;<em>Linda Demais<\/em>;&nbsp;<em>Meu Universo \u00c9 Voc\u00ea<\/em>;&nbsp;<em>V\u00edcio<\/em>;&nbsp;<em>De Volta pro Futuro<\/em>;&nbsp;<em>Chama<\/em>;&nbsp;<em>Asas do Prazer<\/em>;&nbsp;<em>Os Cora\u00e7\u00f5es n\u00e3o S\u00e3o Iguais<\/em>;&nbsp;<em>Maria Maria<\/em>;&nbsp;<em>Felicidade<\/em>, al\u00e9m de outras can\u00e7\u00f5es mais recentes.<\/p>\n\n\n\n<p>Com o grupo o cantor recebeu em 2009 um dos maiores pr\u00eamios da ind\u00fastria fonogr\u00e1fica, o &nbsp;Grammy Latino de melhor \u00e1lbum pop contempor\u00e2neo brasileiro, categoria em que o Roupa Nova concorreu com nomes como Rita Lee, Ivete Sangalo, Skank e Jota Quest.<\/p>\n\n\n\n<p>Por Douglas Corr\u00eaa &#8211; Rep\u00f3rter da Ag\u00eancia Brasil &#8211; Rio de Janeiro<\/p>\n\n\n\n<p>Edi\u00e7\u00e3o: F\u00e1bio Massalli<\/p>\n","protected":false},"excerpt":{"rendered":"<p>Ele fazia parte da forma\u00e7\u00e3o original da banda No m\u00eas passado, Paulinho foi internado com<\/p>\n","protected":false},"author":2,"featured_media":8250,"comment_status":"open","ping_status":"open","sticky":false,"template":"","format":"standard","meta":{"footnotes":""},"categories":[17,1],"tags":[],"class_list":["post-8249","post","type-post","status-publish","format-standard","has-post-thumbnail","hentry","category-outras-noticias","category-uncategorized"],"_links":{"self":[{"href":"https:\/\/tvc16.com\/portal\/wp-json\/wp\/v2\/posts\/8249","targetHints":{"allow":["GET"]}}],"collection":[{"href":"https:\/\/tvc16.com\/portal\/wp-json\/wp\/v2\/posts"}],"about":[{"href":"https:\/\/tvc16.com\/portal\/wp-json\/wp\/v2\/types\/post"}],"author":[{"embeddable":true,"href":"https:\/\/tvc16.com\/portal\/wp-json\/wp\/v2\/users\/2"}],"replies":[{"embeddable":true,"href":"https:\/\/tvc16.com\/portal\/wp-json\/wp\/v2\/comments?post=8249"}],"version-history":[{"count":1,"href":"https:\/\/tvc16.com\/portal\/wp-json\/wp\/v2\/posts\/8249\/revisions"}],"predecessor-version":[{"id":8253,"href":"https:\/\/tvc16.com\/portal\/wp-json\/wp\/v2\/posts\/8249\/revisions\/8253"}],"wp:featuredmedia":[{"embeddable":true,"href":"https:\/\/tvc16.com\/portal\/wp-json\/wp\/v2\/media\/8250"}],"wp:attachment":[{"href":"https:\/\/tvc16.com\/portal\/wp-json\/wp\/v2\/media?parent=8249"}],"wp:term":[{"taxonomy":"category","embeddable":true,"href":"https:\/\/tvc16.com\/portal\/wp-json\/wp\/v2\/categories?post=8249"},{"taxonomy":"post_tag","embeddable":true,"href":"https:\/\/tvc16.com\/portal\/wp-json\/wp\/v2\/tags?post=8249"}],"curies":[{"name":"wp","href":"https:\/\/api.w.org\/{rel}","templated":true}]}}