{"id":8263,"date":"2020-12-15T10:41:23","date_gmt":"2020-12-15T13:41:23","guid":{"rendered":"https:\/\/tvc16.com\/portal\/?p=8263"},"modified":"2021-01-13T10:53:02","modified_gmt":"2021-01-13T13:53:02","slug":"super-promocao-da-da-moveis-pedro-ii-corra-e-so-ate-esta-quarta-feira-16","status":"publish","type":"post","link":"https:\/\/tvc16.com\/portal\/2020\/12\/15\/super-promocao-da-da-moveis-pedro-ii-corra-e-so-ate-esta-quarta-feira-16\/","title":{"rendered":"Promo\u00e7\u00e3o da semana na M\u00f3veis Pedro II. Pre\u00e7o arrasador! Cadeira Eiffel, em v\u00e1rias cores, por apenas 149,00! Oferta imperd\u00edvel!!!"},"content":{"rendered":"","protected":false},"excerpt":{"rendered":"","protected":false},"author":2,"featured_media":9549,"comment_status":"open","ping_status":"open","sticky":false,"template":"","format":"standard","meta":{"footnotes":""},"categories":[21],"tags":[],"class_list":["post-8263","post","type-post","status-publish","format-standard","has-post-thumbnail","hentry","category-cultura"],"_links":{"self":[{"href":"https:\/\/tvc16.com\/portal\/wp-json\/wp\/v2\/posts\/8263","targetHints":{"allow":["GET"]}}],"collection":[{"href":"https:\/\/tvc16.com\/portal\/wp-json\/wp\/v2\/posts"}],"about":[{"href":"https:\/\/tvc16.com\/portal\/wp-json\/wp\/v2\/types\/post"}],"author":[{"embeddable":true,"href":"https:\/\/tvc16.com\/portal\/wp-json\/wp\/v2\/users\/2"}],"replies":[{"embeddable":true,"href":"https:\/\/tvc16.com\/portal\/wp-json\/wp\/v2\/comments?post=8263"}],"version-history":[{"count":7,"href":"https:\/\/tvc16.com\/portal\/wp-json\/wp\/v2\/posts\/8263\/revisions"}],"predecessor-version":[{"id":9550,"href":"https:\/\/tvc16.com\/portal\/wp-json\/wp\/v2\/posts\/8263\/revisions\/9550"}],"wp:featuredmedia":[{"embeddable":true,"href":"https:\/\/tvc16.com\/portal\/wp-json\/wp\/v2\/media\/9549"}],"wp:attachment":[{"href":"https:\/\/tvc16.com\/portal\/wp-json\/wp\/v2\/media?parent=8263"}],"wp:term":[{"taxonomy":"category","embeddable":true,"href":"https:\/\/tvc16.com\/portal\/wp-json\/wp\/v2\/categories?post=8263"},{"taxonomy":"post_tag","embeddable":true,"href":"https:\/\/tvc16.com\/portal\/wp-json\/wp\/v2\/tags?post=8263"}],"curies":[{"name":"wp","href":"https:\/\/api.w.org\/{rel}","templated":true}]}}