{"id":8273,"date":"2020-12-15T20:39:34","date_gmt":"2020-12-15T23:39:34","guid":{"rendered":"https:\/\/tvc16.com\/portal\/?p=8273"},"modified":"2020-12-15T20:39:37","modified_gmt":"2020-12-15T23:39:37","slug":"caps-nubia-helena-dos-santos-em-itaipava-foi-remodelado-e-esta-em-um-novo-endereco","status":"publish","type":"post","link":"https:\/\/tvc16.com\/portal\/2020\/12\/15\/caps-nubia-helena-dos-santos-em-itaipava-foi-remodelado-e-esta-em-um-novo-endereco\/","title":{"rendered":"CAPS N\u00fabia Helena dos Santos, em Itaipava, foi remodelado e est\u00e1 em um novo endere\u00e7o."},"content":{"rendered":"\n<p>CAPS de Itaipava remodelado e em novo endere\u00e7o<\/p>\n\n\n\n<figure class=\"wp-block-image size-large\"><img loading=\"lazy\" decoding=\"async\" width=\"1024\" height=\"768\" src=\"https:\/\/tvc16.com\/portal\/wp-content\/uploads\/2020\/12\/FB_IMG_1608075313190-1024x768.jpg\" alt=\"\" class=\"wp-image-8274\" srcset=\"https:\/\/tvc16.com\/portal\/wp-content\/uploads\/2020\/12\/FB_IMG_1608075313190-1024x768.jpg 1024w, https:\/\/tvc16.com\/portal\/wp-content\/uploads\/2020\/12\/FB_IMG_1608075313190-300x225.jpg 300w, https:\/\/tvc16.com\/portal\/wp-content\/uploads\/2020\/12\/FB_IMG_1608075313190-768x576.jpg 768w, https:\/\/tvc16.com\/portal\/wp-content\/uploads\/2020\/12\/FB_IMG_1608075313190-200x150.jpg 200w, https:\/\/tvc16.com\/portal\/wp-content\/uploads\/2020\/12\/FB_IMG_1608075313190.jpg 1080w\" sizes=\"auto, (max-width: 1024px) 100vw, 1024px\" \/><\/figure>\n\n\n\n<p>O CAPS N\u00fabia Helena dos Santos, em Itaipava, foi remodelado e est\u00e1 em um novo endere\u00e7o. O espa\u00e7o \u00e9 uma porta de entrada importante da sa\u00fade mental para o munic\u00edpio. A unidade possui uma equipe multidisciplinar de atendimento composta por dois m\u00e9dicos psiquiatras, um enfermeiro, oito psic\u00f3logos para consultas adultas e pedi\u00e1tricas, tr\u00eas t\u00e9cnicos de enfermagem, uma assistente social e uma terapeuta ocupacional. Classificada, no novo endere\u00e7o, como CAPS III, a unidade ir\u00e1 realizar os atendimentos \u00e0 popula\u00e7\u00e3o 24 horas. No local, pacientes poder\u00e3o passar por at\u00e9 30 dias de tratamento, evitando, desta forma, interna\u00e7\u00f5es em hospitais psiqui\u00e1tricos.<\/p>\n\n\n\n<figure class=\"wp-block-image size-large\"><img loading=\"lazy\" decoding=\"async\" width=\"1024\" height=\"768\" src=\"https:\/\/tvc16.com\/portal\/wp-content\/uploads\/2020\/12\/FB_IMG_1608075318366-1024x768.jpg\" alt=\"\" class=\"wp-image-8275\" srcset=\"https:\/\/tvc16.com\/portal\/wp-content\/uploads\/2020\/12\/FB_IMG_1608075318366-1024x768.jpg 1024w, https:\/\/tvc16.com\/portal\/wp-content\/uploads\/2020\/12\/FB_IMG_1608075318366-300x225.jpg 300w, https:\/\/tvc16.com\/portal\/wp-content\/uploads\/2020\/12\/FB_IMG_1608075318366-768x576.jpg 768w, https:\/\/tvc16.com\/portal\/wp-content\/uploads\/2020\/12\/FB_IMG_1608075318366-200x150.jpg 200w, https:\/\/tvc16.com\/portal\/wp-content\/uploads\/2020\/12\/FB_IMG_1608075318366.jpg 1080w\" sizes=\"auto, (max-width: 1024px) 100vw, 1024px\" \/><\/figure>\n\n\n\n<p>O novo CAPS funciona na Estrada Uni\u00e3o e Ind\u00fastria, 15.015, Itaipava, depois do Liceu Itaipava, no antigo Baixo Itaipava.<\/p>\n\n\n\n<figure class=\"wp-block-image size-large\"><img loading=\"lazy\" decoding=\"async\" width=\"1024\" height=\"768\" src=\"https:\/\/tvc16.com\/portal\/wp-content\/uploads\/2020\/12\/FB_IMG_1608075303742-1024x768.jpg\" alt=\"\" class=\"wp-image-8276\" srcset=\"https:\/\/tvc16.com\/portal\/wp-content\/uploads\/2020\/12\/FB_IMG_1608075303742-1024x768.jpg 1024w, https:\/\/tvc16.com\/portal\/wp-content\/uploads\/2020\/12\/FB_IMG_1608075303742-300x225.jpg 300w, https:\/\/tvc16.com\/portal\/wp-content\/uploads\/2020\/12\/FB_IMG_1608075303742-768x576.jpg 768w, https:\/\/tvc16.com\/portal\/wp-content\/uploads\/2020\/12\/FB_IMG_1608075303742-200x150.jpg 200w, https:\/\/tvc16.com\/portal\/wp-content\/uploads\/2020\/12\/FB_IMG_1608075303742.jpg 1080w\" sizes=\"auto, (max-width: 1024px) 100vw, 1024px\" \/><\/figure>\n","protected":false},"excerpt":{"rendered":"<p>CAPS de Itaipava remodelado e em novo endere\u00e7o O CAPS N\u00fabia Helena dos Santos, em<\/p>\n","protected":false},"author":2,"featured_media":8277,"comment_status":"open","ping_status":"open","sticky":false,"template":"","format":"standard","meta":{"footnotes":""},"categories":[12],"tags":[],"class_list":["post-8273","post","type-post","status-publish","format-standard","has-post-thumbnail","hentry","category-cidade"],"_links":{"self":[{"href":"https:\/\/tvc16.com\/portal\/wp-json\/wp\/v2\/posts\/8273","targetHints":{"allow":["GET"]}}],"collection":[{"href":"https:\/\/tvc16.com\/portal\/wp-json\/wp\/v2\/posts"}],"about":[{"href":"https:\/\/tvc16.com\/portal\/wp-json\/wp\/v2\/types\/post"}],"author":[{"embeddable":true,"href":"https:\/\/tvc16.com\/portal\/wp-json\/wp\/v2\/users\/2"}],"replies":[{"embeddable":true,"href":"https:\/\/tvc16.com\/portal\/wp-json\/wp\/v2\/comments?post=8273"}],"version-history":[{"count":1,"href":"https:\/\/tvc16.com\/portal\/wp-json\/wp\/v2\/posts\/8273\/revisions"}],"predecessor-version":[{"id":8278,"href":"https:\/\/tvc16.com\/portal\/wp-json\/wp\/v2\/posts\/8273\/revisions\/8278"}],"wp:featuredmedia":[{"embeddable":true,"href":"https:\/\/tvc16.com\/portal\/wp-json\/wp\/v2\/media\/8277"}],"wp:attachment":[{"href":"https:\/\/tvc16.com\/portal\/wp-json\/wp\/v2\/media?parent=8273"}],"wp:term":[{"taxonomy":"category","embeddable":true,"href":"https:\/\/tvc16.com\/portal\/wp-json\/wp\/v2\/categories?post=8273"},{"taxonomy":"post_tag","embeddable":true,"href":"https:\/\/tvc16.com\/portal\/wp-json\/wp\/v2\/tags?post=8273"}],"curies":[{"name":"wp","href":"https:\/\/api.w.org\/{rel}","templated":true}]}}