{"id":8279,"date":"2020-12-15T20:51:25","date_gmt":"2020-12-15T23:51:25","guid":{"rendered":"https:\/\/tvc16.com\/portal\/?p=8279"},"modified":"2020-12-15T20:51:29","modified_gmt":"2020-12-15T23:51:29","slug":"morrem-mais-tres-pessoas-em-decorrencia-da-covid-19","status":"publish","type":"post","link":"https:\/\/tvc16.com\/portal\/2020\/12\/15\/morrem-mais-tres-pessoas-em-decorrencia-da-covid-19\/","title":{"rendered":"Morrem mais tr\u00eas pessoas  em decorr\u00eancia da Covid-19"},"content":{"rendered":"\n<p>Hoje a Secretaria de Sa\u00fade recebeu mais 3 resultados confirmando o falecimento por COVID-19 em Petr\u00f3polis.<\/p>\n\n\n\n<p>Os n\u00fameros s\u00f3 aumentaram.  At\u00e9 agora j\u00e1 s\u00e3o <br>10.613 casos  positivos e mais 397 que est\u00e3o em an\u00e1lise, entre PCR e testes r\u00e1pidos. H\u00e1 142 pacientes internados na cidade, podendo ser casos positivos ou ainda em investiga\u00e7\u00e3o esperando o resultado do teste.<\/p>\n\n\n\n<p>Nesta ter\u00e7a-feira, o Munic\u00edpio registra 328 \u00f3bitos. At\u00e9<br>Hoje Petr\u00f3polis contabiliza pelo SUS 61,11% dos leitos cl\u00ednicos e 67,65% de UTI ocupados com pacientes infectados com coronav\u00edrus.<br>**\u00c9 importante ressaltar que os n\u00fameros de pacientes internados s\u00e3o referentes a todos os hospitais de Petr\u00f3polis, incluindo os particulares. J\u00e1 a taxa apresentada na tabela identifica a ocupa\u00e7\u00e3o dos leitos disponibilizados somente pelo SUS. Por essa raz\u00e3o, mesmo que haja oscila\u00e7\u00e3o no n\u00famero de internados, n\u00e3o necessariamente a taxa de ocupa\u00e7\u00e3o ser\u00e1 alterada.<\/p>\n\n\n\n<p>Todos os detalhes sobre a COVID-19 no munic\u00edpio est\u00e3o dispon\u00edveis no link:<\/p>\n\n\n\n<p><a href=\"https:\/\/smspetropolis.net.br\/graficoCovidCompleto.html\">https:\/\/smspetropolis.net.br\/graficoCovidCompleto.html<\/a><\/p>\n","protected":false},"excerpt":{"rendered":"<p>Hoje a Secretaria de Sa\u00fade recebeu mais 3 resultados confirmando o falecimento por COVID-19 em<\/p>\n","protected":false},"author":2,"featured_media":8280,"comment_status":"open","ping_status":"open","sticky":false,"template":"","format":"standard","meta":{"footnotes":""},"categories":[12],"tags":[],"class_list":["post-8279","post","type-post","status-publish","format-standard","has-post-thumbnail","hentry","category-cidade"],"_links":{"self":[{"href":"https:\/\/tvc16.com\/portal\/wp-json\/wp\/v2\/posts\/8279","targetHints":{"allow":["GET"]}}],"collection":[{"href":"https:\/\/tvc16.com\/portal\/wp-json\/wp\/v2\/posts"}],"about":[{"href":"https:\/\/tvc16.com\/portal\/wp-json\/wp\/v2\/types\/post"}],"author":[{"embeddable":true,"href":"https:\/\/tvc16.com\/portal\/wp-json\/wp\/v2\/users\/2"}],"replies":[{"embeddable":true,"href":"https:\/\/tvc16.com\/portal\/wp-json\/wp\/v2\/comments?post=8279"}],"version-history":[{"count":1,"href":"https:\/\/tvc16.com\/portal\/wp-json\/wp\/v2\/posts\/8279\/revisions"}],"predecessor-version":[{"id":8281,"href":"https:\/\/tvc16.com\/portal\/wp-json\/wp\/v2\/posts\/8279\/revisions\/8281"}],"wp:featuredmedia":[{"embeddable":true,"href":"https:\/\/tvc16.com\/portal\/wp-json\/wp\/v2\/media\/8280"}],"wp:attachment":[{"href":"https:\/\/tvc16.com\/portal\/wp-json\/wp\/v2\/media?parent=8279"}],"wp:term":[{"taxonomy":"category","embeddable":true,"href":"https:\/\/tvc16.com\/portal\/wp-json\/wp\/v2\/categories?post=8279"},{"taxonomy":"post_tag","embeddable":true,"href":"https:\/\/tvc16.com\/portal\/wp-json\/wp\/v2\/tags?post=8279"}],"curies":[{"name":"wp","href":"https:\/\/api.w.org\/{rel}","templated":true}]}}