{"id":8285,"date":"2020-12-15T21:11:15","date_gmt":"2020-12-16T00:11:15","guid":{"rendered":"https:\/\/tvc16.com\/portal\/?p=8285"},"modified":"2020-12-15T21:11:17","modified_gmt":"2020-12-16T00:11:17","slug":"operacoes-seguranca-presente-e-lei-seca-fazem-natal-solidario-em-todo-estado-em-petropolis-o-posto-de-arrecadacao-sera-em-itaipava","status":"publish","type":"post","link":"https:\/\/tvc16.com\/portal\/2020\/12\/15\/operacoes-seguranca-presente-e-lei-seca-fazem-natal-solidario-em-todo-estado-em-petropolis-o-posto-de-arrecadacao-sera-em-itaipava\/","title":{"rendered":"Opera\u00e7\u00f5es Seguran\u00e7a Presente e Lei Seca fazem Natal Solid\u00e1rio em todo Estado. Em Petr\u00f3polis, o posto de arrecada\u00e7\u00e3o,  ser\u00e1 em Itaipava"},"content":{"rendered":"\n<p>No dia 22 , o Posto estar\u00e1 montado e aguardando sua doa\u00e7\u00e3o das 14 \u00e0s 16h, em frente ao Parque de Itaipava.<\/p>\n\n\n\n<p><em>Campanha ir\u00e1 arrecadar brinquedos e leite em p\u00f3 at\u00e9 o dia 22<\/em><\/p>\n\n\n\n<p>As opera\u00e7\u00f5es da Secretaria de Estado de Governo est\u00e3o arrecadando brinquedos e leite em p\u00f3 at\u00e9 o dia 22 de dezembro. Os brinquedos ser\u00e3o distribu\u00eddos para institui\u00e7\u00f5es carentes cadastradas pelas assistentes sociais nos bairros onde atuam as opera\u00e7\u00f5es Seguran\u00e7a Presente e o leite em p\u00f3, que n\u00e3o pode ser composto l\u00e1cteo, ser\u00e1 distribu\u00eddo para pacientes do INCA. Quem quiser ajudar, deve entregar suas doa\u00e7\u00f5es em uma\u00a0das bases do programa Seguran\u00e7a Presente.<\/p>\n\n\n\n<figure class=\"wp-block-image size-large\"><img loading=\"lazy\" decoding=\"async\" width=\"1024\" height=\"768\" src=\"https:\/\/tvc16.com\/portal\/wp-content\/uploads\/2020\/12\/SegurancaPresente.jpeg\" alt=\"\" class=\"wp-image-8286\" srcset=\"https:\/\/tvc16.com\/portal\/wp-content\/uploads\/2020\/12\/SegurancaPresente.jpeg 1024w, https:\/\/tvc16.com\/portal\/wp-content\/uploads\/2020\/12\/SegurancaPresente-300x225.jpeg 300w, https:\/\/tvc16.com\/portal\/wp-content\/uploads\/2020\/12\/SegurancaPresente-768x576.jpeg 768w, https:\/\/tvc16.com\/portal\/wp-content\/uploads\/2020\/12\/SegurancaPresente-200x150.jpeg 200w\" sizes=\"auto, (max-width: 1024px) 100vw, 1024px\" \/><figcaption>Posto de arrecada\u00e7\u00e3o na Zona oeste da Cidade do Rio de Janeiro <\/figcaption><\/figure>\n\n\n\n<p>A coordenadora do Servi\u00e7o Social dos programas Seguran\u00e7a Presente e Marcha Pela Cidadania, Gilvania Coutinho, chama a aten\u00e7\u00e3o para o momento de pandemia que vivemos.<\/p>\n\n\n\n<p>&#8211; Diante desse ano at\u00edpico, com a pandemia do Covid-19, o Natal ganhou ainda mais import\u00e2ncia. Com muito pouco podemos transformar o Natal de algu\u00e9m. Pedimos que a sociedade, que tanto apoia os nossos programas, venha fazer parte deste movimento de solidariedade. \u2013 clamou a assistente social.<\/p>\n\n\n\n<p><br>As doa\u00e7\u00f5es podem ser entregues nas bases da Opera\u00e7\u00e3o Seguran\u00e7a Presente na Lapa, Aterro, Lagoa, M\u00e9ier, Centro, Niter\u00f3i, Leblon, Tijuca, Ipanema, Nova Igua\u00e7u, Laranjeiras, Bangu, Botafogo, Austin, Caxias, Barra da Tijuca, Recreio, Graja\u00fa\/Vila Isabel, Copacabana, Bonsucesso, S\u00e3o Gon\u00e7alo, Madureira, Jacarepagu\u00e1, Belford Roxo, Queimados, Iraj\u00e1, S\u00e3o Jo\u00e3o de Meriti, Mag\u00e9\/Piabet\u00e1 e Itagua\u00ed.<\/p>\n\n\n\n<p>Os agentes de educa\u00e7\u00e3o da Opera\u00e7\u00e3o Lei Seca v\u00e3o arrecadar as doa\u00e7\u00f5es nos pontos onde far\u00e3o a\u00e7\u00f5es de conscientiza\u00e7\u00e3o.<\/p>\n\n\n\n<p>Calend\u00e1rio de a\u00e7\u00f5es:<\/p>\n\n\n\n<p>17 e 18\/12- das 14h \u00e0s 16h- em frente ao Parque de Itaipava, Centro de Petr\u00f3polis.<\/p>\n\n\n\n<p>19\/12- das 14h \u00e0s 16h- Pra\u00e7a das Na\u00e7\u00f5es, em Bonsucesso.<\/p>\n\n\n\n<p>20\/12- das 10h \u00e0s 13h- Parque de Madureira, em frente ao shopping.<\/p>\n\n\n\n<p>21\/12- das 10h \u00e0s 13h- Centro de S\u00e3o Gon\u00e7alo.<\/p>\n\n\n\n<p>22\/12- das 14 \u00e0s 16h- em frente ao Parque de Itaipava, Centro de Petr\u00f3polis.<\/p>\n\n\n\n<p><strong>Marcha arrecada alimentos n\u00e3o perec\u00edveis<\/strong><strong><\/strong><\/p>\n\n\n\n<p>A Marcha pela Cidadania e Ordem est\u00e1 arrecadando alimentos n\u00e3o perec\u00edveis at\u00e9 o dia 22 de dezembro. As doa\u00e7\u00f5es podem ser entregues nas bases do Seguran\u00e7a Presente da Lagoa, Botafogo, Aterro, Ipanema, Leblon ou no Shopping da G\u00e1vea.<\/p>\n\n\n\n<p>Os alimentos arrecadados ser\u00e3o entregues para a comunidade terap\u00eautica Marca de Cristo, na Vila da Penha.<\/p>\n","protected":false},"excerpt":{"rendered":"<p>No dia 22 , o Posto estar\u00e1 montado e aguardando sua doa\u00e7\u00e3o das 14 \u00e0s<\/p>\n","protected":false},"author":2,"featured_media":8287,"comment_status":"open","ping_status":"open","sticky":false,"template":"","format":"standard","meta":{"footnotes":""},"categories":[12],"tags":[],"class_list":["post-8285","post","type-post","status-publish","format-standard","has-post-thumbnail","hentry","category-cidade"],"_links":{"self":[{"href":"https:\/\/tvc16.com\/portal\/wp-json\/wp\/v2\/posts\/8285","targetHints":{"allow":["GET"]}}],"collection":[{"href":"https:\/\/tvc16.com\/portal\/wp-json\/wp\/v2\/posts"}],"about":[{"href":"https:\/\/tvc16.com\/portal\/wp-json\/wp\/v2\/types\/post"}],"author":[{"embeddable":true,"href":"https:\/\/tvc16.com\/portal\/wp-json\/wp\/v2\/users\/2"}],"replies":[{"embeddable":true,"href":"https:\/\/tvc16.com\/portal\/wp-json\/wp\/v2\/comments?post=8285"}],"version-history":[{"count":1,"href":"https:\/\/tvc16.com\/portal\/wp-json\/wp\/v2\/posts\/8285\/revisions"}],"predecessor-version":[{"id":8288,"href":"https:\/\/tvc16.com\/portal\/wp-json\/wp\/v2\/posts\/8285\/revisions\/8288"}],"wp:featuredmedia":[{"embeddable":true,"href":"https:\/\/tvc16.com\/portal\/wp-json\/wp\/v2\/media\/8287"}],"wp:attachment":[{"href":"https:\/\/tvc16.com\/portal\/wp-json\/wp\/v2\/media?parent=8285"}],"wp:term":[{"taxonomy":"category","embeddable":true,"href":"https:\/\/tvc16.com\/portal\/wp-json\/wp\/v2\/categories?post=8285"},{"taxonomy":"post_tag","embeddable":true,"href":"https:\/\/tvc16.com\/portal\/wp-json\/wp\/v2\/tags?post=8285"}],"curies":[{"name":"wp","href":"https:\/\/api.w.org\/{rel}","templated":true}]}}