{"id":8296,"date":"2020-12-15T21:43:09","date_gmt":"2020-12-16T00:43:09","guid":{"rendered":"https:\/\/tvc16.com\/portal\/?p=8296"},"modified":"2020-12-15T21:43:11","modified_gmt":"2020-12-16T00:43:11","slug":"hospital-geral-de-nova-iguacu-tem-mais-duas-enfermarias-totalmente-reformadas","status":"publish","type":"post","link":"https:\/\/tvc16.com\/portal\/2020\/12\/15\/hospital-geral-de-nova-iguacu-tem-mais-duas-enfermarias-totalmente-reformadas\/","title":{"rendered":"Hospital Geral de Nova Igua\u00e7u tem mais duas enfermarias totalmente reformadas"},"content":{"rendered":"\n<p>No Hospital Geral de Nova Igua\u00e7u (HGNI), uma das principais emerg\u00eancias da Baixada Fluminense, mais duas enfermarias do setor adulto foram entregues nesta ter\u00e7a-feira (15) totalmente reformadas. Os servi\u00e7os acontecem sem oferecer qualquer preju\u00edzo na assist\u00eancia aos pacientes, uma vez que todos os setores continuam funcionando normalmente.<\/p>\n\n\n\n<p>Essa \u00e9 a maior reforma no HGNI. J\u00e1 foram entregues 14 enfermarias, o ambulat\u00f3rio, a emerg\u00eancia pedi\u00e1trica e parte da sala verde. O centro de imagem, a esta\u00e7\u00e3o de tratamento de esgoto e o telhado est\u00e3o passando por reforma. Outros setores tamb\u00e9m est\u00e3o no cronograma de obras. Em fun\u00e7\u00e3o da pandemia do novo coronav\u00edrus, a unidade vem orientando e tomando medidas de precau\u00e7\u00e3o para que as obras ocorram com seguran\u00e7a.<\/p>\n\n\n\n<p>As reformas tamb\u00e9m acontecem na Maternidade Mariana Bulh\u00f5es, que atende gestantes de m\u00e9dia e alta complexidade da regi\u00e3o. A unidade j\u00e1 entregou cinco enfermarias reformadas, al\u00e9m de fazer melhorias estruturais em outros setores. Na aten\u00e7\u00e3o b\u00e1sica, 13 UBS\u2019s est\u00e3o sendo reformadas, sendo quatro delas reconstru\u00eddas dentro das normas t\u00e9cnicas exigidas pelo Minist\u00e9rio da Sa\u00fade. Al\u00e9m disso, o Hospital Iguass\u00fa tamb\u00e9m est\u00e1 passando por obras.<\/p>\n\n\n\n<p>\u201cEssas obras s\u00e3o fundamentais para recuperar a infraestrutura das unidades de sa\u00fade, garantir mais conforto ao paciente e ampliar a qualidade da assist\u00eancia, desde a aten\u00e7\u00e3o b\u00e1sica \u00e0 emerg\u00eancia. Temos tamb\u00e9m a reforma geral pelo qual passa o Hospital Iguass\u00fa, que em breve estar\u00e1 de portas abertas atendendo a popula\u00e7\u00e3o\u201d, destaca o secret\u00e1rio municipal de Sa\u00fade, Manoel Barreto.<\/p>\n\n\n\n<p>Em paralelo \u00e0s obras, a Secretaria Municipal de Sa\u00fade tamb\u00e9m est\u00e1 entregando novos equipamentos \u00e0s unidades, como camas hospitalares el\u00e9tricas, macas, poltronas, colch\u00f5es e mob\u00edlias.<br>Foto: Diego Valdevino \/ PMNI<br><\/p>\n","protected":false},"excerpt":{"rendered":"<p>Enfermaria do HGNI reformada e com novas camas<\/p>\n","protected":false},"author":2,"featured_media":8297,"comment_status":"open","ping_status":"open","sticky":false,"template":"","format":"standard","meta":{"footnotes":""},"categories":[17],"tags":[],"class_list":["post-8296","post","type-post","status-publish","format-standard","has-post-thumbnail","hentry","category-outras-noticias"],"_links":{"self":[{"href":"https:\/\/tvc16.com\/portal\/wp-json\/wp\/v2\/posts\/8296","targetHints":{"allow":["GET"]}}],"collection":[{"href":"https:\/\/tvc16.com\/portal\/wp-json\/wp\/v2\/posts"}],"about":[{"href":"https:\/\/tvc16.com\/portal\/wp-json\/wp\/v2\/types\/post"}],"author":[{"embeddable":true,"href":"https:\/\/tvc16.com\/portal\/wp-json\/wp\/v2\/users\/2"}],"replies":[{"embeddable":true,"href":"https:\/\/tvc16.com\/portal\/wp-json\/wp\/v2\/comments?post=8296"}],"version-history":[{"count":1,"href":"https:\/\/tvc16.com\/portal\/wp-json\/wp\/v2\/posts\/8296\/revisions"}],"predecessor-version":[{"id":8298,"href":"https:\/\/tvc16.com\/portal\/wp-json\/wp\/v2\/posts\/8296\/revisions\/8298"}],"wp:featuredmedia":[{"embeddable":true,"href":"https:\/\/tvc16.com\/portal\/wp-json\/wp\/v2\/media\/8297"}],"wp:attachment":[{"href":"https:\/\/tvc16.com\/portal\/wp-json\/wp\/v2\/media?parent=8296"}],"wp:term":[{"taxonomy":"category","embeddable":true,"href":"https:\/\/tvc16.com\/portal\/wp-json\/wp\/v2\/categories?post=8296"},{"taxonomy":"post_tag","embeddable":true,"href":"https:\/\/tvc16.com\/portal\/wp-json\/wp\/v2\/tags?post=8296"}],"curies":[{"name":"wp","href":"https:\/\/api.w.org\/{rel}","templated":true}]}}