{"id":8306,"date":"2020-12-15T21:57:57","date_gmt":"2020-12-16T00:57:57","guid":{"rendered":"https:\/\/tvc16.com\/portal\/?p=8306"},"modified":"2020-12-15T21:57:59","modified_gmt":"2020-12-16T00:57:59","slug":"batalhao-de-infantaria-leve-de-petropolis-dara-apoio-operacional-a-defesa-civil-em-caso-de-necessidade","status":"publish","type":"post","link":"https:\/\/tvc16.com\/portal\/2020\/12\/15\/batalhao-de-infantaria-leve-de-petropolis-dara-apoio-operacional-a-defesa-civil-em-caso-de-necessidade\/","title":{"rendered":"Batalh\u00e3o de Infantaria Leve de Petr\u00f3polis dar\u00e1 apoio operacional \u00e0 Defesa Civil em caso de necessidade"},"content":{"rendered":"\n<p><strong>Plano Ver\u00e3o de Petr\u00f3polis 2021 ter\u00e1 apoio do 32\u00b0 BIL<\/strong><\/p>\n\n\n\n<p><\/p>\n\n\n\n<p>A Secretaria de Defesa Civil e A\u00e7\u00f5es Volunt\u00e1rias ter\u00e1 o apoio do 32\u00ba Batalh\u00e3o de Infantaria Leve nas poss\u00edveis ocorr\u00eancias graves oriundas de chuvas fortes na cidade. A parceria faz parte do Plano Ver\u00e3o de Petr\u00f3polis 2021, assim como ocorreu nos anos anteriores. O 32\u00ba BIL auxiliar\u00e1 com disponibiliza\u00e7\u00e3o de contingente e apoio operacional.<\/p>\n\n\n\n<p>Em uma reuni\u00e3o realizada nesta ter\u00e7a-feira (15) entre o Secret\u00e1rio de Defesa Civil, Coronel Paulo Renato Vaz, e o comandante do 32\u00ba BIL, o Coronel do Ex\u00e9rcito Brasileiro Allan Danilo Paiva Salazar, foi debatida a parceira entre as institui\u00e7\u00f5es no Plano Ver\u00e3o de Petr\u00f3polis de 2021, que consiste no atendimento as poss\u00edveis v\u00edtimas de chuvas fortes na cidade. Os militares, em caso de necessidade, dar\u00e3o apoio operacional e log\u00edstico, como por exemplo, montagem de tendas que possam servir como pontos de apoio provis\u00f3rios, ou at\u00e9 mesmo disponibilizando o batalh\u00e3o de engenharia para prestar aux\u00edlio em constru\u00e7\u00f5es de acessos ou pontes em \u00e1reas impactadas.<\/p>\n\n\n\n<p>Vale destacar que o apoio do Ex\u00e9rcito ser\u00e1 solicitado em caso de necessidade. Para o Coronel Paulo Renato Vaz, a parceria com os militares agrega ainda mais um plano de sucesso comprovado nos anos anteriores. &#8220;Toda apoio \u00e9 bem-vindo, principalmente quando se trata de um assunto que mexe com a vida das pessoas. No encontro de hoje, eu e o Coronel Allan colocamos algumas ideias na mesa para que essa parceria possa servir a nossa popula\u00e7\u00e3o. O Plano Ver\u00e3o de 2021 foi estruturado para atender da melhor forma aqueles que passam por um momento t\u00e3o delicado, e quanto mais pessoas competentes ao nosso lado melhor&#8221;, disse o secret\u00e1rio.<\/p>\n","protected":false},"excerpt":{"rendered":"<p>Plano Ver\u00e3o de Petr\u00f3polis 2021 ter\u00e1 apoio do 32\u00b0 BIL A Secretaria de Defesa Civil<\/p>\n","protected":false},"author":2,"featured_media":8307,"comment_status":"open","ping_status":"open","sticky":false,"template":"","format":"standard","meta":{"footnotes":""},"categories":[12],"tags":[],"class_list":["post-8306","post","type-post","status-publish","format-standard","has-post-thumbnail","hentry","category-cidade"],"_links":{"self":[{"href":"https:\/\/tvc16.com\/portal\/wp-json\/wp\/v2\/posts\/8306","targetHints":{"allow":["GET"]}}],"collection":[{"href":"https:\/\/tvc16.com\/portal\/wp-json\/wp\/v2\/posts"}],"about":[{"href":"https:\/\/tvc16.com\/portal\/wp-json\/wp\/v2\/types\/post"}],"author":[{"embeddable":true,"href":"https:\/\/tvc16.com\/portal\/wp-json\/wp\/v2\/users\/2"}],"replies":[{"embeddable":true,"href":"https:\/\/tvc16.com\/portal\/wp-json\/wp\/v2\/comments?post=8306"}],"version-history":[{"count":1,"href":"https:\/\/tvc16.com\/portal\/wp-json\/wp\/v2\/posts\/8306\/revisions"}],"predecessor-version":[{"id":8308,"href":"https:\/\/tvc16.com\/portal\/wp-json\/wp\/v2\/posts\/8306\/revisions\/8308"}],"wp:featuredmedia":[{"embeddable":true,"href":"https:\/\/tvc16.com\/portal\/wp-json\/wp\/v2\/media\/8307"}],"wp:attachment":[{"href":"https:\/\/tvc16.com\/portal\/wp-json\/wp\/v2\/media?parent=8306"}],"wp:term":[{"taxonomy":"category","embeddable":true,"href":"https:\/\/tvc16.com\/portal\/wp-json\/wp\/v2\/categories?post=8306"},{"taxonomy":"post_tag","embeddable":true,"href":"https:\/\/tvc16.com\/portal\/wp-json\/wp\/v2\/tags?post=8306"}],"curies":[{"name":"wp","href":"https:\/\/api.w.org\/{rel}","templated":true}]}}