{"id":8314,"date":"2020-12-16T10:17:53","date_gmt":"2020-12-16T13:17:53","guid":{"rendered":"https:\/\/tvc16.com\/portal\/?p=8314"},"modified":"2020-12-16T10:17:56","modified_gmt":"2020-12-16T13:17:56","slug":"bispo-dom-gregorio-paixao-celebra-oito-anos-a-frente-da-diocese-de-petropolis","status":"publish","type":"post","link":"https:\/\/tvc16.com\/portal\/2020\/12\/16\/bispo-dom-gregorio-paixao-celebra-oito-anos-a-frente-da-diocese-de-petropolis\/","title":{"rendered":"Bispo Dom Greg\u00f3rio Paix\u00e3o celebra oito anos a frente da Diocese de Petr\u00f3polis"},"content":{"rendered":"\n<p>No dia 10 de outubro de 2012 o Santo Padre, o Papa Bento XVI, o elegeu bispo da Diocese de Petr\u00f3polis, no Rio de Janeiro, tomando posse no dia 16 de dezembro de 2012.<\/p>\n\n\n\n<p>Dom Greg\u00f3rio Paix\u00e3o, OSB, celebra hoje, oito anos de seu governo episcopal na Diocese de Petr\u00f3polis, com missa no Santu\u00e1rio Nossa Senhora do Amor Divino, \u00e0s 19h30. Recuperado do Covid-19, Dom Greg\u00f3rio Paix\u00e3o agradece a Deus o dom da vida e por ter passado por essa experi\u00eancia, pois agora sabe e entende todo sofrimento daqueles que foram e est\u00e3o contaminados pelo coronav\u00edrus.<br>O bispo da Diocese de Petr\u00f3polis foi um entre muitos religiosos, padres e bispos que contraiu o v\u00edrus no exerc\u00edcio do seu minist\u00e9rio sacerdotal. Dom Greg\u00f3rio Paix\u00e3o desde o in\u00edcio da pandemia para ficar pr\u00f3ximo dos fi\u00e9is e incentivando o isolamento social, passou a fazer lives, inicialmente transmitidas pelo facebook e depois pelo seu canal no Youtube com estudo da Sagrada Escritura e como era a \u00c9poca de Jesus.<br>A missa no Santu\u00e1rio Nossa Senhora do Amor Divino ser\u00e1 transmitida pelas redes sociais da Par\u00f3quia de Correas no Facebook e no Youtube, com retransmiss\u00e3o pelas redes sociais da Diocese.<br>Dom Greg\u00f3rio Paix\u00e3o nasceu em Aracaju (Sergipe) em 03 de novembro de 1964. Filho de Jos\u00e9 Greg\u00f3rio e Josefa Bernadete Paix\u00e3o Greg\u00f3rio e possui quatro irm\u00e3os, sendo um deles monge beneditino. Cursou o ensino fundamental e m\u00e9dio no Col\u00e9gio Salesiano de Aracaju. Ingressou no Mosteiro de S\u00e3o Bento da Bahia em 1983, professando em 1989.<br>No Mosteiro de S\u00e3o Bento da Bahia exerceu quase todos os of\u00edcios mon\u00e1sticos, como o de Bibliotec\u00e1rio; Mestre de Coro; Organista; Mestre de Novi\u00e7os; Ec\u00f4nomo; Arquivista; Prior, dentre outros. Durante o per\u00edodo de forma\u00e7\u00e3o cursou Piano e \u00d3rg\u00e3o de Tubos no Instituto de M\u00fasica da Universidade Cat\u00f3lica do Salvador. Estudou artes pl\u00e1sticas no atelier do renomado pintor Waldo Robatto.<br>Em 1987, foi enviado para o Mosteiro de S\u00e3o Bento do Rio de Janeiro a fim de cursar Filosofia e Teologia na Escola da Congrega\u00e7\u00e3o Beneditina do Brasil, vinculada ao Pontif\u00edcium Athenaeum Anselmianum, de Roma, recebendo nota m\u00e1xima pela tese \u201cO Pante\u00e3o Nag\u00f4, Aspectos Hagiogr\u00e1ficos do Candombl\u00e9 da Bahia, Elementos M\u00edticos e Hist\u00f3ricos\u201d.<br>Em 18 de julho de 1992 foi ordenado di\u00e1cono por Dom Ricardo Weberberger, OSB e, em 21 de mar\u00e7o de 1993, foi ordenado presb\u00edtero por Dom Lucas Cardeal Moreira Neves. Possui doutorado em Antropologia Cultural pela Universidade Aberta de Amsterd\u00e3 (Holanda), da qual \u00e9 professor convidado desde 1998. Foi Diretor do Col\u00e9gio S\u00e3o Bento da Bahia; da Faculdade S\u00e3o Bento, assim como da Revista An\u00e1lise e S\u00edntese. Lecionou L\u00edngua Grega, Antropologia Cultural e Homil\u00e9tica. Possui 14 livros publicados, al\u00e9m de diversos artigos escritos para revistas nacionais e estrangeiras. Em 29 de julho de 2006 foi eleito bispo de Fico, na Maurit\u00e2nia, trabalhando como bispo Auxiliar da Arquidiocese de S\u00e3o Salvador da Bahia, sendo tamb\u00e9m Secret\u00e1rio Geral do Regional Nordeste 3, da Confer\u00eancia Nacional dos Bispos do Brasil, e membro titular do Conselho de Cultura do Estado da Bahia.<br><\/p>\n","protected":false},"excerpt":{"rendered":"<p>No dia 10 de outubro de 2012 o Santo Padre, o Papa Bento XVI, o<\/p>\n","protected":false},"author":2,"featured_media":8315,"comment_status":"open","ping_status":"open","sticky":false,"template":"","format":"standard","meta":{"footnotes":""},"categories":[12],"tags":[],"class_list":["post-8314","post","type-post","status-publish","format-standard","has-post-thumbnail","hentry","category-cidade"],"_links":{"self":[{"href":"https:\/\/tvc16.com\/portal\/wp-json\/wp\/v2\/posts\/8314","targetHints":{"allow":["GET"]}}],"collection":[{"href":"https:\/\/tvc16.com\/portal\/wp-json\/wp\/v2\/posts"}],"about":[{"href":"https:\/\/tvc16.com\/portal\/wp-json\/wp\/v2\/types\/post"}],"author":[{"embeddable":true,"href":"https:\/\/tvc16.com\/portal\/wp-json\/wp\/v2\/users\/2"}],"replies":[{"embeddable":true,"href":"https:\/\/tvc16.com\/portal\/wp-json\/wp\/v2\/comments?post=8314"}],"version-history":[{"count":1,"href":"https:\/\/tvc16.com\/portal\/wp-json\/wp\/v2\/posts\/8314\/revisions"}],"predecessor-version":[{"id":8316,"href":"https:\/\/tvc16.com\/portal\/wp-json\/wp\/v2\/posts\/8314\/revisions\/8316"}],"wp:featuredmedia":[{"embeddable":true,"href":"https:\/\/tvc16.com\/portal\/wp-json\/wp\/v2\/media\/8315"}],"wp:attachment":[{"href":"https:\/\/tvc16.com\/portal\/wp-json\/wp\/v2\/media?parent=8314"}],"wp:term":[{"taxonomy":"category","embeddable":true,"href":"https:\/\/tvc16.com\/portal\/wp-json\/wp\/v2\/categories?post=8314"},{"taxonomy":"post_tag","embeddable":true,"href":"https:\/\/tvc16.com\/portal\/wp-json\/wp\/v2\/tags?post=8314"}],"curies":[{"name":"wp","href":"https:\/\/api.w.org\/{rel}","templated":true}]}}