{"id":8326,"date":"2020-12-16T11:38:17","date_gmt":"2020-12-16T14:38:17","guid":{"rendered":"https:\/\/tvc16.com\/portal\/?p=8326"},"modified":"2020-12-16T11:38:19","modified_gmt":"2020-12-16T14:38:19","slug":"ocupacao-de-leitos-covid-19-aumenta-nos-hospitais-brasileiros","status":"publish","type":"post","link":"https:\/\/tvc16.com\/portal\/2020\/12\/16\/ocupacao-de-leitos-covid-19-aumenta-nos-hospitais-brasileiros\/","title":{"rendered":"Ocupa\u00e7\u00e3o de leitos Covid-19 aumenta nos hospitais brasileiros"},"content":{"rendered":"\n<p>Festas de fim de ano e flexibiliza\u00e7\u00e3o das medidas de prote\u00e7\u00e3o podem piorar o cen\u00e1rio<\/p>\n\n\n\n<p>Ocupa\u00e7\u00e3o de leitos reservados para pacientes com Covid-19 cresce em hospitais privados e p\u00fablicos no Brasil. Segundo Associa\u00e7\u00e3o Nacional de Hospitais Privados (Anahp), a taxa na rede particular chegou a 71,2% de ocupa\u00e7\u00e3o, na semana de 28 de novembro a 4 de dezembro.<\/p>\n\n\n\n<p>Os dados levam em conta 34 respondentes de diversas regi\u00f5es do Brasil. Entre eles, existiam 74.816 leitos operacionais-dia, sendo 14% \u2013 ou 10.147 \u2013 destinados exclusivamente para pacientes com Covid-19.<\/p>\n\n\n\n<figure class=\"wp-block-image\"><img decoding=\"async\" src=\"\/\/s3-sa-east-1.amazonaws.com\/agencia-radio-arb\/3336\/content_taxas-ocupacao-covid2.png\" alt=\"Arte - Brasil 61\" title=\"Arte: Brasil61 - Fonte: Anahp\"\/><\/figure>\n\n\n\n<p>O aumento se intensifica principalmente por conta dos pacientes vindos da rede p\u00fablica, onde os \u00edndices de ocupa\u00e7\u00e3o tamb\u00e9m est\u00e3o bem elevados. Em Belo Horizonte, a prefeitura contratou, em car\u00e1ter excepcional e tempor\u00e1rio, unidades de interna\u00e7\u00e3o em hospitais privados, para dar continuidade \u00e0 pol\u00edtica de amplia\u00e7\u00e3o de leitos destinados \u00e0 Covid-19. Segundo a Secretaria de Sa\u00fade, ser\u00e3o investidos R$ 42 mil reais, por leito de UTI Covid e R$ 10.500 reais, por leito de enfermaria.<\/p>\n\n\n\n<p>O pesquisador do Instituto de Comunica\u00e7\u00e3o e Informa\u00e7\u00e3o Cient\u00edfica e Tecnol\u00f3gica em Sa\u00fade, da Funda\u00e7\u00e3o Oswaldo Cruz, Diego Xavier, destaca que antes, a contamina\u00e7\u00e3o tinha um fluxo determinado \u2013 das regi\u00f5es metropolitanas para o interior.&nbsp;<\/p>\n\n\n\n<p>\u201cNo in\u00edcio da pandemia observamos a chegada da doen\u00e7a nas grandes cidades e depois esse fen\u00f4meno da interioriza\u00e7\u00e3o do v\u00edrus. Quando chegou no interior, a doen\u00e7a j\u00e1 apresentava \u2013 na maioria das regi\u00f5es metropolitanas \u2013 um processo de diminui\u00e7\u00e3o. Tivemos oportunidade log\u00edstica de enviar esses pacientes do interior para as regi\u00f5es metropolitanas, que \u00e9 onde se concentra a maior parte dos recursos\u201d.<\/p>\n\n\n\n<p>Agora, segundo o epidemiologista, os casos acontecem simultaneamente.<\/p>\n\n\n\n<p>\u201cO que temos observado agora s\u00e3o casos acontecendo simultaneamente nessas duas \u00e1reas. &nbsp;Se antes t\u00ednhamos essa oportunidade log\u00edstica, agora n\u00e3o temos mais\u201d, alerta.<\/p>\n\n\n\n<p><strong><a href=\"https:\/\/brasil61.com\/noticias\/com-interiorizacao-da-covid-19-pesquisadores-da-fiocruz-propoe-novos-cenarios-de-regionalizacao-no-rj-bras201052\">Com interioriza\u00e7\u00e3o da Covid-19, pesquisadores da Fiocruz prop\u00f5em novos cen\u00e1rios de regionaliza\u00e7\u00e3o no RJ<\/a><\/strong><\/p>\n\n\n\n<p><strong><a href=\"https:\/\/brasil61.com\/noticias\/quase-8-milhoes-de-brasileiros-estao-a-4-horas-do-atendimento-adequado-contra-covid-19-bras200132\">Quase 8 milh\u00f5es de brasileiros est\u00e3o a 4 horas do atendimento adequado contra Covid-19<\/a><\/strong><\/p>\n\n\n\n<p><strong><a href=\"https:\/\/brasil61.com\/noticias\/especial-covid-19-afinal-o-brasil-ja-esta-passando-pela-segunda-onda-da-doenca-bras202690\">Especial Covid-19: afinal, o Brasil j\u00e1 est\u00e1 passando pela segunda onda da doen\u00e7a?<\/a><\/strong><\/p>\n\n\n\n<p>Diego Xavier alerta para a movimenta\u00e7\u00e3o de pessoas durante as festas de fim de ano, o que deve agravar a situa\u00e7\u00e3o dos leitos.<\/p>\n\n\n\n<p>\u201cInfelizmente as pessoas t\u00eam abandonado as medidas de distanciamento e uso de m\u00e1scara. As festas e as confraterniza\u00e7\u00f5es de final de ano, como Natal por exemplo, tem uma capilaridade muito grande. A tend\u00eancia \u00e9 que as pessoas se movimentem e se exponham. Infelizmente estamos em uma situa\u00e7\u00e3o em que os leitos de UTI est\u00e3o bastante cheios. Aqui no Rio de Janeiro j\u00e1 temos uma fila de espera com cerca de 500 pessoas\u201d, comenta.<\/p>\n\n\n\n<p>Em Sorocaba, munic\u00edpio do interior de S\u00e3o Paulo, tamb\u00e9m falta vaga na rede p\u00fablica: 10 pacientes aguardavam por uma vaga no SUS para leito Covid, na \u00faltima sexta-feira (11); sendo 9 para enfermaria e 1 para UTI.&nbsp;<\/p>\n\n\n\n<p>No entanto, a Secretaria de Sa\u00fade destaca que um paciente, que solicitou vaga na UTI, se encontra em hospital particular e busca transfer\u00eancia para o SUS.&nbsp;<br>O Epidemiologista e professor da Universidade de Bras\u00edlia (UnB), Wildo Navegantes, fala sobre esse movimento inverso, de pacientes da rede particular que buscam a rede p\u00fablica.<\/p>\n\n\n\n<p>\u201cDo ponto de vista do Sistema \u00danico de Sa\u00fade, ele \u00e9 universal; serve para qualquer usu\u00e1rio. Agora se esse usu\u00e1rio paga conv\u00eanio m\u00e9dico, espera-se que \u2013 via Ag\u00eancia Nacional de Sa\u00fade \u2013 esse leito, que tem destina\u00e7\u00e3o p\u00fablica, tenha o recurso reposto pelo conv\u00eanio m\u00e9dico ao SUS\u201d, comentou.<\/p>\n\n\n\n<p>De modo geral, a ocupa\u00e7\u00e3o de leitos aumentou tanto na rede privada, quanto na rede p\u00fablica. Segundo a <a href=\"https:\/\/agencia.fiocruz.br\/sites\/agencia.fiocruz.br\/files\/u35\/boletim_covid_semana_48-49_web.pdf\">Fiocruz<\/a>, oito capitais apresentam taxas de ocupa\u00e7\u00e3o de leitos de UTI Covid-19, para adultos, acima de 80%: Macap\u00e1 (92,5%), Fortaleza (86,4%), Recife (83,3%), Vit\u00f3ria (84,9%), Rio de Janeiro (92%), Curitiba (92%), Florian\u00f3polis (90,4%) e Campo Grande (100%).<\/p>\n\n\n\n<figure class=\"wp-block-image\"><img decoding=\"async\" src=\"\/\/s3-sa-east-1.amazonaws.com\/agencia-radio-arb\/3337\/content_taxas-ocupacao-covid.png\" alt=\"Arte - Brasil 61\" title=\"Arte: Brasil 61 - Fonte: Boletim Observat\u00f3rio Fiocruz Covid\"\/><\/figure>\n\n\n\n<p>O epidemiologista Wildo Navegantes, destaca o que motivou o aumento de ocupa\u00e7\u00e3o de leitos.<\/p>\n\n\n\n<p>\u201cNaturalmente foi um relaxamento das atividades de distanciamento social. E tamb\u00e9m os atos de motiva\u00e7\u00e3o da retomada \u2013 propostos por alguns governos \u2013 fazendo com que o com\u00e9rcio fosse aberto, os shoppings fossem abertos, algumas \u00e1reas que n\u00e3o s\u00e3o essenciais fossem abertas. Com isso as pessoas voltaram a conviver\u201d, destaca.<\/p>\n\n\n\n<p>Segundo o epidemiologista Wildo Navegantes, apesar da Covid-19 j\u00e1 ser uma doen\u00e7a mais conhecida pelos profissionais de sa\u00fade, o governo federal precisa ter uma boa comunica\u00e7\u00e3o de risco, para que as pessoas n\u00e3o voltem a se infectar em grande escala. Ele cita a possibilidade do repique de contamina\u00e7\u00f5es.<\/p>\n\n\n\n<p>\u201cPor exemplo, no estado do Paran\u00e1, Santa Catarina, Rio Grande do Sul, que a magnitude dos casos atingiu uma quantidade t\u00e3o grande, quanto da te\u00f3rica primeira onda, que n\u00f3s passamos. N\u00f3s corremos o risco de ter repique, em um cen\u00e1rio bem pior, do que n\u00f3s vimos anteriormente\u201d, alerta.<\/p>\n\n\n\n<p>A <a href=\"https:\/\/brasil61.com\/noticias\/encontro-entre-prefeitos-eleitos-e-reeleitos-debate-temas-prioritarios-na-agenda-2021-bras202973\">Frente Nacional de Prefeitos<\/a> (FNP) reuniu prefeitos eleitos e reeleitos, para debaterem os impactos da Covid-19 at\u00e9 agora e os desafios a serem enfrentados pelos munic\u00edpios no pr\u00f3ximo ano.<\/p>\n\n\n\n<p>Fonte: <a href=\"https:\/\/brasil61.com\/noticias\/ocupacao-de-leitos-covid-19-aumenta-nos-hospitais-brasileiros-bras203028?email=bethdeoliveira@yahoo.com.br&amp;utm_source=newsletter&amp;utm_medium=newsletter&amp;utm_campaign=newsletter\" target=\"_blank\" rel=\"noreferrer noopener\">Brasil 61<\/a><\/p>\n","protected":false},"excerpt":{"rendered":"<p>Festas de fim de ano e flexibiliza\u00e7\u00e3o das medidas de prote\u00e7\u00e3o podem piorar o cen\u00e1rio<\/p>\n","protected":false},"author":2,"featured_media":8327,"comment_status":"open","ping_status":"open","sticky":false,"template":"","format":"standard","meta":{"footnotes":""},"categories":[17],"tags":[],"class_list":["post-8326","post","type-post","status-publish","format-standard","has-post-thumbnail","hentry","category-outras-noticias"],"_links":{"self":[{"href":"https:\/\/tvc16.com\/portal\/wp-json\/wp\/v2\/posts\/8326","targetHints":{"allow":["GET"]}}],"collection":[{"href":"https:\/\/tvc16.com\/portal\/wp-json\/wp\/v2\/posts"}],"about":[{"href":"https:\/\/tvc16.com\/portal\/wp-json\/wp\/v2\/types\/post"}],"author":[{"embeddable":true,"href":"https:\/\/tvc16.com\/portal\/wp-json\/wp\/v2\/users\/2"}],"replies":[{"embeddable":true,"href":"https:\/\/tvc16.com\/portal\/wp-json\/wp\/v2\/comments?post=8326"}],"version-history":[{"count":1,"href":"https:\/\/tvc16.com\/portal\/wp-json\/wp\/v2\/posts\/8326\/revisions"}],"predecessor-version":[{"id":8328,"href":"https:\/\/tvc16.com\/portal\/wp-json\/wp\/v2\/posts\/8326\/revisions\/8328"}],"wp:featuredmedia":[{"embeddable":true,"href":"https:\/\/tvc16.com\/portal\/wp-json\/wp\/v2\/media\/8327"}],"wp:attachment":[{"href":"https:\/\/tvc16.com\/portal\/wp-json\/wp\/v2\/media?parent=8326"}],"wp:term":[{"taxonomy":"category","embeddable":true,"href":"https:\/\/tvc16.com\/portal\/wp-json\/wp\/v2\/categories?post=8326"},{"taxonomy":"post_tag","embeddable":true,"href":"https:\/\/tvc16.com\/portal\/wp-json\/wp\/v2\/tags?post=8326"}],"curies":[{"name":"wp","href":"https:\/\/api.w.org\/{rel}","templated":true}]}}