{"id":8338,"date":"2020-12-16T12:06:09","date_gmt":"2020-12-16T15:06:09","guid":{"rendered":"https:\/\/tvc16.com\/portal\/?p=8338"},"modified":"2020-12-16T12:06:11","modified_gmt":"2020-12-16T15:06:11","slug":"confira-o-lancamento-do-plano-de-vacinacao-contra-covid-19","status":"publish","type":"post","link":"https:\/\/tvc16.com\/portal\/2020\/12\/16\/confira-o-lancamento-do-plano-de-vacinacao-contra-covid-19\/","title":{"rendered":"Confira o lan\u00e7amento do plano de vacina\u00e7\u00e3o contra covid-19"},"content":{"rendered":"\n<h3 class=\"wp-block-heading\">Plano prev\u00ea 50 milh\u00f5es de pessoas no grupo priorit\u00e1rio<\/h3>\n\n\n\n<p>O Plano Nacional de Operacionaliza\u00e7\u00e3o da Vacina contra a Covid-19 foi lan\u00e7ado hoje (16), em cerim\u00f4nia no Pal\u00e1cio do Planalto, em Bras\u00edlia. O&nbsp;<a href=\"https:\/\/agenciabrasil.ebc.com.br\/saude\/noticia\/2020-12\/governo-anuncia-hoje-plano-nacional-da-vacina-contra-covid-19\">plano<\/a>&nbsp;prev\u00ea quatro grupos priorit\u00e1rios que somam 50 milh\u00f5es de pessoas, que receber\u00e3o duas doses em um intervalo de 14 dias entre a primeira e a segunda inje\u00e7\u00e3o. Ser\u00e3o necess\u00e1rias 108,3 milh\u00f5es de doses de vacina, j\u00e1 incluindo 5% de perdas.<img decoding=\"async\" src=\"https:\/\/agenciabrasil.ebc.com.br\/ebc.png?id=1396564&amp;o=node\"><img decoding=\"async\" src=\"https:\/\/agenciabrasil.ebc.com.br\/ebc.gif?id=1396564&amp;o=node\"><\/p>\n\n\n\n<p>A prioridade ser\u00e1 para trabalhadores da sa\u00fade, idosos, pessoas com doen\u00e7as cr\u00f4nicas (hipertens\u00e3o de dif\u00edcil controle, diabetes mellitus, doen\u00e7a pulmonar obstrutiva cr\u00f4nica, doen\u00e7a renal, entre outras), professores, for\u00e7as de seguran\u00e7a e salvamento e funcion\u00e1rios do sistema prisional.<\/p>\n\n\n\n<p>Segundo o plano, o governo federal j\u00e1 garantiu 300 milh\u00f5es de doses de vacinas contra a covid-19 por meio de acordos. At\u00e9 agora, nenhum imunizante est\u00e1 registrado e licenciado pela Ag\u00eancia Nacional de Vigil\u00e2ncia Sanit\u00e1ria (Anvisa), etapa pr\u00e9via obrigat\u00f3ria para que a vacina\u00e7\u00e3o possa ser realizada.<\/p>\n\n\n\n<p><\/p>\n\n\n\n<p><iframe loading=\"lazy\" title=\"Lan\u00e7amento do Plano Nacional de Operacionaliza\u00e7\u00e3o da Vacina\u00e7\u00e3o Contra a Covid-19\" width=\"640\" height=\"360\" src=\"https:\/\/www.youtube.com\/embed\/P3TZLJULrDg?feature=oembed\" frameborder=\"0\" allow=\"accelerometer; autoplay; clipboard-write; encrypted-media; gyroscope; picture-in-picture; web-share\" referrerpolicy=\"strict-origin-when-cross-origin\" allowfullscreen><\/iframe><\/p>\n\n\n\n<p>Por Ag\u00eancia Brasil &#8211; Bras\u00edlia<\/p>\n\n\n\n<p>Edi\u00e7\u00e3o: Kelly Oliveira<\/p>\n\n\n\n<p><a href=\"https:\/\/agenciabrasil.ebc.com.br\/tags\/plano-de-vacinacao\">plano de vacina\u00e7\u00e3o<\/a><a href=\"https:\/\/agenciabrasil.ebc.com.br\/tags\/covid-19\">covid-19<\/a><a href=\"https:\/\/agenciabrasil.ebc.com.br\/tags\/pandemia-4\">Pandemia<\/a><a href=\"https:\/\/agenciabrasil.ebc.com.br\/tags\/vacina\">vacina<\/a><\/p>\n","protected":false},"excerpt":{"rendered":"<p>Plano prev\u00ea 50 milh\u00f5es de pessoas no grupo priorit\u00e1rio O Plano Nacional de Operacionaliza\u00e7\u00e3o da<\/p>\n","protected":false},"author":2,"featured_media":8339,"comment_status":"open","ping_status":"open","sticky":false,"template":"","format":"standard","meta":{"footnotes":""},"categories":[17],"tags":[],"class_list":["post-8338","post","type-post","status-publish","format-standard","has-post-thumbnail","hentry","category-outras-noticias"],"_links":{"self":[{"href":"https:\/\/tvc16.com\/portal\/wp-json\/wp\/v2\/posts\/8338","targetHints":{"allow":["GET"]}}],"collection":[{"href":"https:\/\/tvc16.com\/portal\/wp-json\/wp\/v2\/posts"}],"about":[{"href":"https:\/\/tvc16.com\/portal\/wp-json\/wp\/v2\/types\/post"}],"author":[{"embeddable":true,"href":"https:\/\/tvc16.com\/portal\/wp-json\/wp\/v2\/users\/2"}],"replies":[{"embeddable":true,"href":"https:\/\/tvc16.com\/portal\/wp-json\/wp\/v2\/comments?post=8338"}],"version-history":[{"count":1,"href":"https:\/\/tvc16.com\/portal\/wp-json\/wp\/v2\/posts\/8338\/revisions"}],"predecessor-version":[{"id":8340,"href":"https:\/\/tvc16.com\/portal\/wp-json\/wp\/v2\/posts\/8338\/revisions\/8340"}],"wp:featuredmedia":[{"embeddable":true,"href":"https:\/\/tvc16.com\/portal\/wp-json\/wp\/v2\/media\/8339"}],"wp:attachment":[{"href":"https:\/\/tvc16.com\/portal\/wp-json\/wp\/v2\/media?parent=8338"}],"wp:term":[{"taxonomy":"category","embeddable":true,"href":"https:\/\/tvc16.com\/portal\/wp-json\/wp\/v2\/categories?post=8338"},{"taxonomy":"post_tag","embeddable":true,"href":"https:\/\/tvc16.com\/portal\/wp-json\/wp\/v2\/tags?post=8338"}],"curies":[{"name":"wp","href":"https:\/\/api.w.org\/{rel}","templated":true}]}}