{"id":8341,"date":"2020-12-16T12:15:18","date_gmt":"2020-12-16T15:15:18","guid":{"rendered":"https:\/\/tvc16.com\/portal\/?p=8341"},"modified":"2020-12-16T12:15:21","modified_gmt":"2020-12-16T15:15:21","slug":"salario-minimo-em-2021-pode-chegar-a-r1-088","status":"publish","type":"post","link":"https:\/\/tvc16.com\/portal\/2020\/12\/16\/salario-minimo-em-2021-pode-chegar-a-r1-088\/","title":{"rendered":"Sal\u00e1rio m\u00ednimo em 2021 pode chegar a R$1.088"},"content":{"rendered":"\n<p>Equipe econ\u00f4mica do governo definiu as metas da Lei de Diretrizes Or\u00e7ament\u00e1rias no ano que vem. Texto ainda deve ser analisado pela C\u00e2mara<\/p>\n\n\n\n<p>Sal\u00e1rio m\u00ednimo em 2021 pode chegar a R$1.088. Essa \u00e9 a estimativa da equipe econ\u00f4mica do governo, que definiu as metas fiscais no projeto de Lei de Diretrizes Or\u00e7ament\u00e1rias para o ano que vem. O aumento leva em considera\u00e7\u00e3o a estimativa da infla\u00e7\u00e3o acumulada esse ano, de 4,1%.<\/p>\n\n\n\n<p>Segundo a <a href=\"https:\/\/www.camara.leg.br\/noticias\/715850-equipe-economica-fixa-meta-fiscal-em-r-2471-bilhoes-no-projeto-de-ldo\/\">Ag\u00eancia C\u00e2mara Not\u00edcias<\/a>, a meta fiscal foi fixada em 247,1 bilh\u00f5es de reais. Em abril, o Minist\u00e9rio da Economia havia sugerido uma meta flex\u00edvel, para que o valor fosse alterado ao longo do ano. Segundo o governo, a pandemia do coronav\u00edrus dificultou a an\u00e1lise do cen\u00e1rio econ\u00f4mico para o ano seguinte. O TCU questionou a ideia de meta flex\u00edvel, j\u00e1 que poderia afrontar a Lei de Responsabilidade Fiscal, que exige meta fixa.<\/p>\n\n\n\n<p><strong><a href=\"https:\/\/brasil61.com\/noticias\/brasil-pode-ter-servicos-publicos-paralisados-sem-aprovacao-do-orcamento-2021-bras202728\">Brasil pode ter servi\u00e7os p\u00fablicos paralisados sem aprova\u00e7\u00e3o do Or\u00e7amento 2021<\/a><\/strong><\/p>\n\n\n\n<p><strong><a href=\"https:\/\/brasil61.com\/noticias\/lei-orcamentaria-anual-saiba-como-deve-ser-a-tramitacao-no-congresso-bras201632\">Lei Or\u00e7ament\u00e1ria Anual: Saiba como deve ser a tramita\u00e7\u00e3o no Congresso<\/a><\/strong><\/p>\n\n\n\n<p>O teto de gastos foi definido em R$ 1,486 trilh\u00e3o. J\u00e1 o novo resultado prim\u00e1rio \u2013 ou seja, o valor das receitas menos as despesas, sem contar o pagamento de juros \u2013 equivale a 3,16% do Produto Interno Bruto, que em 2021 foi projetado em R$ 7,81 trilh\u00f5es.<\/p>\n\n\n\n<p>O texto segue para an\u00e1lise na C\u00e2mara dos Deputados.<\/p>\n\n\n\n<p>Fonte: <a href=\"https:\/\/brasil61.com\/noticias\/salario-minimo-em-2021-pode-chegar-r-1-088-bras203031?email=bethdeoliveira@yahoo.com.br&amp;utm_source=newsletter&amp;utm_medium=newsletter&amp;utm_campaign=newsletter\" target=\"_blank\" rel=\"noreferrer noopener\">Brasil 61<\/a><\/p>\n","protected":false},"excerpt":{"rendered":"<p>Equipe econ\u00f4mica do governo definiu as metas da Lei de Diretrizes Or\u00e7ament\u00e1rias no ano que<\/p>\n","protected":false},"author":2,"featured_media":8342,"comment_status":"open","ping_status":"open","sticky":false,"template":"","format":"standard","meta":{"footnotes":""},"categories":[17],"tags":[],"class_list":["post-8341","post","type-post","status-publish","format-standard","has-post-thumbnail","hentry","category-outras-noticias"],"_links":{"self":[{"href":"https:\/\/tvc16.com\/portal\/wp-json\/wp\/v2\/posts\/8341","targetHints":{"allow":["GET"]}}],"collection":[{"href":"https:\/\/tvc16.com\/portal\/wp-json\/wp\/v2\/posts"}],"about":[{"href":"https:\/\/tvc16.com\/portal\/wp-json\/wp\/v2\/types\/post"}],"author":[{"embeddable":true,"href":"https:\/\/tvc16.com\/portal\/wp-json\/wp\/v2\/users\/2"}],"replies":[{"embeddable":true,"href":"https:\/\/tvc16.com\/portal\/wp-json\/wp\/v2\/comments?post=8341"}],"version-history":[{"count":1,"href":"https:\/\/tvc16.com\/portal\/wp-json\/wp\/v2\/posts\/8341\/revisions"}],"predecessor-version":[{"id":8343,"href":"https:\/\/tvc16.com\/portal\/wp-json\/wp\/v2\/posts\/8341\/revisions\/8343"}],"wp:featuredmedia":[{"embeddable":true,"href":"https:\/\/tvc16.com\/portal\/wp-json\/wp\/v2\/media\/8342"}],"wp:attachment":[{"href":"https:\/\/tvc16.com\/portal\/wp-json\/wp\/v2\/media?parent=8341"}],"wp:term":[{"taxonomy":"category","embeddable":true,"href":"https:\/\/tvc16.com\/portal\/wp-json\/wp\/v2\/categories?post=8341"},{"taxonomy":"post_tag","embeddable":true,"href":"https:\/\/tvc16.com\/portal\/wp-json\/wp\/v2\/tags?post=8341"}],"curies":[{"name":"wp","href":"https:\/\/api.w.org\/{rel}","templated":true}]}}