{"id":8344,"date":"2020-12-16T12:25:25","date_gmt":"2020-12-16T15:25:25","guid":{"rendered":"https:\/\/tvc16.com\/portal\/?p=8344"},"modified":"2020-12-16T12:26:53","modified_gmt":"2020-12-16T15:26:53","slug":"prefeito-bernardo-rossi-anuncia-plano-de-vacinacao-contra-a-covid-19-na-cidade","status":"publish","type":"post","link":"https:\/\/tvc16.com\/portal\/2020\/12\/16\/prefeito-bernardo-rossi-anuncia-plano-de-vacinacao-contra-a-covid-19-na-cidade\/","title":{"rendered":"Prefeito Bernardo Rossi anuncia Plano de Vacina\u00e7\u00e3o contra a COVID-19 na Cidade"},"content":{"rendered":"\n<p><em>Planejamento, iniciado h\u00e1 duas semanas, foi apresentado pela equipe t\u00e9cnica da sa\u00fade<\/em><\/p>\n\n\n\n<p><em>A\u00e7\u00f5es de Drive Thru dar\u00e3o ainda mais agilidade em Petr\u00f3polis<\/em><\/p>\n\n\n\n<p>O prefeito Bernardo Rossi anunciou, durante uma reuni\u00e3o com a \u00c1rea T\u00e9cnica da Sa\u00fade nesta quarta-feira (16), os detalhes sobre o plano de vacina\u00e7\u00e3o contra a COVID-19 no Munic\u00edpio. O trabalho, que j\u00e1 vinha sendo elaborado desde o in\u00edcio deste m\u00eas, foi apresentado ao prefeito ap\u00f3s os ajustes finais. Segundo o planejamento, a campanha de vacina\u00e7\u00e3o ser\u00e1 dividida em quatro etapas estabelecidas de acordo com as caracter\u00edsticas epidemiol\u00f3gicas da doen\u00e7a entre a popula\u00e7\u00e3o.<\/p>\n\n\n\n<p>A primeira etapa da vacina\u00e7\u00e3o ter\u00e1 como p\u00fablico-alvo os trabalhadores da sa\u00fade. M\u00e9dicos, enfermeiros, t\u00e9cnicos, fisioterapeutas, fonoaudi\u00f3logos e todos que estejam inseridos na \u00e1rea, p\u00fablica ou privada, incluindo pessoal administrativo de unidades de sa\u00fade do munic\u00edpio. Al\u00e9m destes, idosos a partir dos 75 anos e pessoas a partir dos 60 anos de idade que se encontrem em asilos ou institui\u00e7\u00f5es psiqui\u00e1tricas da Cidade. Para a segunda etapa, idosos entre 60 e 74 anos de idade ter\u00e3o prioridade.<\/p>\n\n\n\n<p>Na terceira etapa, as a\u00e7\u00f5es ser\u00e3o voltadas \u00e0s pessoas com comorbidades que apresentem grande chance para o agravamento de suas doen\u00e7as devido ao Coronav\u00edrus. No trabalho ser\u00e3o seguidas as mesmas comorbidades referentes \u00e0 vacina da gripe, como: obesidade, problemas renais cr\u00f4nicos, hep\u00e1ticos, oncol\u00f3gicos, cardiovasculares, diabetes e pulmonares, entre outras. Na quarta, e \u00faltima fase das a\u00e7\u00f5es, ser\u00e3o vacinados todos os professores, das redes p\u00fablica e privada, e agentes das for\u00e7as de seguran\u00e7a e salvamento, militares e civis.<\/p>\n\n\n\n<p>Para dar mais agilidade e cobertura \u00e0s a\u00e7\u00f5es, a vacina\u00e7\u00e3o ser\u00e1 ampliada atrav\u00e9s do sistema Drive Thru nos bairros do Quitandinha, Itaipava, Bingen e Corr\u00eaas.&nbsp; Al\u00e9m disso, a vacina\u00e7\u00e3o vai estar dispon\u00edvel em todas as unidades da Aten\u00e7\u00e3o B\u00e1sica de Sa\u00fade do munic\u00edpio, como UBS\u00b4s, Postos de Sa\u00fade da Fam\u00edlia, unidades hospitalares, Centros de Sa\u00fade e demais salas de vacina\u00e7\u00e3o. Institui\u00e7\u00f5es de Longa Perman\u00eancia de Idosos (ILPI\u00b4s) e pacientes acamados tamb\u00e9m ter\u00e3o prioridade durante toda a vacina\u00e7\u00e3o.<\/p>\n\n\n\n<figure class=\"wp-block-image size-large\"><img loading=\"lazy\" decoding=\"async\" width=\"1024\" height=\"682\" src=\"https:\/\/tvc16.com\/portal\/wp-content\/uploads\/2020\/12\/WhatsApp-Image-2020-12-16-at-12.09.30-1024x682.jpeg\" alt=\"\" class=\"wp-image-8345\" srcset=\"https:\/\/tvc16.com\/portal\/wp-content\/uploads\/2020\/12\/WhatsApp-Image-2020-12-16-at-12.09.30-1024x682.jpeg 1024w, https:\/\/tvc16.com\/portal\/wp-content\/uploads\/2020\/12\/WhatsApp-Image-2020-12-16-at-12.09.30-300x200.jpeg 300w, https:\/\/tvc16.com\/portal\/wp-content\/uploads\/2020\/12\/WhatsApp-Image-2020-12-16-at-12.09.30-768x512.jpeg 768w, https:\/\/tvc16.com\/portal\/wp-content\/uploads\/2020\/12\/WhatsApp-Image-2020-12-16-at-12.09.30-900x600.jpeg 900w, https:\/\/tvc16.com\/portal\/wp-content\/uploads\/2020\/12\/WhatsApp-Image-2020-12-16-at-12.09.30.jpeg 1280w\" sizes=\"auto, (max-width: 1024px) 100vw, 1024px\" \/><\/figure>\n\n\n\n<p>\u201cTodo esse planejamento foi realizado por pessoas extremamente capacitadas para que nossa Cidade possa ter a\u00e7\u00f5es organizadas e para que todos possam ser imunizados. J\u00e1 hav\u00edamos solicitado aten\u00e7\u00e3o especial ao Governo Federal devido ao alto n\u00famero de idosos em Petr\u00f3polis. Estamos fazendo tudo de forma bem estruturada e com muita responsabilidade para que nossa miss\u00e3o principal seja cumprida: vamos continuar salvando vidas na cidade\u201d, afirmou o prefeito Bernardo Rossi.&nbsp;<\/p>\n\n\n\n<p><\/p>\n","protected":false},"excerpt":{"rendered":"<p>Planejamento, iniciado h\u00e1 duas semanas, foi apresentado pela equipe t\u00e9cnica da sa\u00fade A\u00e7\u00f5es de Drive<\/p>\n","protected":false},"author":2,"featured_media":8346,"comment_status":"open","ping_status":"open","sticky":false,"template":"","format":"standard","meta":{"footnotes":""},"categories":[12],"tags":[],"class_list":["post-8344","post","type-post","status-publish","format-standard","has-post-thumbnail","hentry","category-cidade"],"_links":{"self":[{"href":"https:\/\/tvc16.com\/portal\/wp-json\/wp\/v2\/posts\/8344","targetHints":{"allow":["GET"]}}],"collection":[{"href":"https:\/\/tvc16.com\/portal\/wp-json\/wp\/v2\/posts"}],"about":[{"href":"https:\/\/tvc16.com\/portal\/wp-json\/wp\/v2\/types\/post"}],"author":[{"embeddable":true,"href":"https:\/\/tvc16.com\/portal\/wp-json\/wp\/v2\/users\/2"}],"replies":[{"embeddable":true,"href":"https:\/\/tvc16.com\/portal\/wp-json\/wp\/v2\/comments?post=8344"}],"version-history":[{"count":2,"href":"https:\/\/tvc16.com\/portal\/wp-json\/wp\/v2\/posts\/8344\/revisions"}],"predecessor-version":[{"id":8348,"href":"https:\/\/tvc16.com\/portal\/wp-json\/wp\/v2\/posts\/8344\/revisions\/8348"}],"wp:featuredmedia":[{"embeddable":true,"href":"https:\/\/tvc16.com\/portal\/wp-json\/wp\/v2\/media\/8346"}],"wp:attachment":[{"href":"https:\/\/tvc16.com\/portal\/wp-json\/wp\/v2\/media?parent=8344"}],"wp:term":[{"taxonomy":"category","embeddable":true,"href":"https:\/\/tvc16.com\/portal\/wp-json\/wp\/v2\/categories?post=8344"},{"taxonomy":"post_tag","embeddable":true,"href":"https:\/\/tvc16.com\/portal\/wp-json\/wp\/v2\/tags?post=8344"}],"curies":[{"name":"wp","href":"https:\/\/api.w.org\/{rel}","templated":true}]}}