{"id":8350,"date":"2020-12-16T15:59:24","date_gmt":"2020-12-16T18:59:24","guid":{"rendered":"https:\/\/tvc16.com\/portal\/?p=8350"},"modified":"2020-12-16T20:34:54","modified_gmt":"2020-12-16T23:34:54","slug":"feira-livre-funcionamento-especial-no-natal-e-ano-novo-dia-22-terca-feira-funcionamento-das-6h-as-15h-e-dia-24-quinta-feira-das-6h-as-17h","status":"publish","type":"post","link":"https:\/\/tvc16.com\/portal\/2020\/12\/16\/feira-livre-funcionamento-especial-no-natal-e-ano-novo-dia-22-terca-feira-funcionamento-das-6h-as-15h-e-dia-24-quinta-feira-das-6h-as-17h\/","title":{"rendered":"Feira Livre: funcionamento especial no natal e ano Novo. Dia 22 (ter\u00e7a-feira), funcionamento das 6h \u00e0s 15h e dia 24 (quinta-feira), das 6h \u00e0s 17h"},"content":{"rendered":"\n<p><\/p>\n\n\n\n<p>A tradicional Feira Livre, na Rua Souza Franco, vai funcionar em dias e hor\u00e1rios diferenciados e com os cuidados necess\u00e1rios, como a disponibiliza\u00e7\u00e3o de \u00e1lcool em gel para os clientes nos pontos de venda.<\/p>\n\n\n\n<p>Natal: Dia 22 (ter\u00e7a-feira) funcionamento das 6h \u00e0s 15h e Dia 24 (quinta-feira), das 6h \u00e0s 17h.<\/p>\n\n\n\n<p>Ano Novo: Dia 29 (ter\u00e7a-feira) funcionamento das 6h \u00e0s 15h e no dia 31 (quinta-feira), funcionamento das 6h \u00e0s 17h.<\/p>\n\n\n\n<p>A venda direta \u00e9 uma vantagem para quem deseja produtos frescos. \u201cPossibilidade de negociar com o produtor e a garantia de um alimento de qualidade. Nossa feira \u00e9 uma refer\u00eancia e essa \u00e9poca do ano garante o aumento das vendas para esse setor t\u00e3o importante para nossa economia, que \u00e9 a agricultura\u201d, afirma o secret\u00e1rio de Desenvolvimento Econ\u00f4mico, Marcelo Soares.<\/p>\n\n\n\n<p>\u201cTodas as mercadorias disponibilizadas nas feiras s\u00e3o sempre fresquinhas. Agrade\u00e7o a compreens\u00e3o dos feirantes nessa \u00e9poca em que todos tiveram que se reinventar por conta da pandemia e, tamb\u00e9m, o entendimento dos clientes, que est\u00e3o usando as m\u00e1scaras e respeitando a nossa orienta\u00e7\u00e3o do uso do \u00e1lcool em gel nas barracas\u201d, conclui o diretor do Departamento de Agricultura, Jos\u00e9 Maur\u00edcio Soares.<\/p>\n\n\n\n<p>Os produtos mais procurados nessa \u00e9poca s\u00e3o: batata, laranja, ma\u00e7\u00e3, mam\u00e3o, tomate, cebola, cenoura, banana, manga, abacaxi, cereja e uva. De acordo com Luiz Henrique L\u00e9lis, supervisor Geral de Agricultura Abastecimento e Produ\u00e7\u00e3o, s\u00f3 de batata inglesa ser\u00e3o disponibilizados nas duas feiras, 26 toneladas.<\/p>\n\n\n\n<p>\u201cAl\u00e9m de 18 toneladas de laranja, quatro toneladas de ma\u00e7\u00e3, 10 mil unidades de mam\u00e3o, 30 toneladas de tomate, cinco toneladas de cebola, 18 toneladas de cenoura. Tamb\u00e9m variedades de mangas (carlotinhas e palmer), cerejas e v\u00e1rias qualidades de uvas, como as rosadas e sem sementes. Teremos esse ano, ainda, morangos, p\u00earas Willians e Portuguesa. Outro grande diferencial que ser\u00e3o os p\u00eassegos e figos\u201d, contou Henrique.<\/p>\n\n\n\n<p><\/p>\n","protected":false},"excerpt":{"rendered":"<p>A tradicional Feira Livre, na Rua Souza Franco, vai funcionar em dias e hor\u00e1rios diferenciados<\/p>\n","protected":false},"author":2,"featured_media":8352,"comment_status":"open","ping_status":"open","sticky":false,"template":"","format":"standard","meta":{"footnotes":""},"categories":[12],"tags":[],"class_list":["post-8350","post","type-post","status-publish","format-standard","has-post-thumbnail","hentry","category-cidade"],"_links":{"self":[{"href":"https:\/\/tvc16.com\/portal\/wp-json\/wp\/v2\/posts\/8350","targetHints":{"allow":["GET"]}}],"collection":[{"href":"https:\/\/tvc16.com\/portal\/wp-json\/wp\/v2\/posts"}],"about":[{"href":"https:\/\/tvc16.com\/portal\/wp-json\/wp\/v2\/types\/post"}],"author":[{"embeddable":true,"href":"https:\/\/tvc16.com\/portal\/wp-json\/wp\/v2\/users\/2"}],"replies":[{"embeddable":true,"href":"https:\/\/tvc16.com\/portal\/wp-json\/wp\/v2\/comments?post=8350"}],"version-history":[{"count":2,"href":"https:\/\/tvc16.com\/portal\/wp-json\/wp\/v2\/posts\/8350\/revisions"}],"predecessor-version":[{"id":8372,"href":"https:\/\/tvc16.com\/portal\/wp-json\/wp\/v2\/posts\/8350\/revisions\/8372"}],"wp:featuredmedia":[{"embeddable":true,"href":"https:\/\/tvc16.com\/portal\/wp-json\/wp\/v2\/media\/8352"}],"wp:attachment":[{"href":"https:\/\/tvc16.com\/portal\/wp-json\/wp\/v2\/media?parent=8350"}],"wp:term":[{"taxonomy":"category","embeddable":true,"href":"https:\/\/tvc16.com\/portal\/wp-json\/wp\/v2\/categories?post=8350"},{"taxonomy":"post_tag","embeddable":true,"href":"https:\/\/tvc16.com\/portal\/wp-json\/wp\/v2\/tags?post=8350"}],"curies":[{"name":"wp","href":"https:\/\/api.w.org\/{rel}","templated":true}]}}