{"id":8367,"date":"2020-12-16T20:29:46","date_gmt":"2020-12-16T23:29:46","guid":{"rendered":"https:\/\/tvc16.com\/portal\/?p=8367"},"modified":"2020-12-16T20:31:26","modified_gmt":"2020-12-16T23:31:26","slug":"durante-o-natal-encantado-16-o-polo-de-experiencias-esta-apoiando-a-renovar-e-arrecadando-doacoes-de-leite-em-po-integral-para-familias-cadastradas-de-baixa-renda","status":"publish","type":"post","link":"https:\/\/tvc16.com\/portal\/2020\/12\/16\/durante-o-natal-encantado-16-o-polo-de-experiencias-esta-apoiando-a-renovar-e-arrecadando-doacoes-de-leite-em-po-integral-para-familias-cadastradas-de-baixa-renda\/","title":{"rendered":"Durante o Natal Encantado 16, o Polo de Experi\u00eancias est\u00e1 apoiando a RENOVAR e arrecadando doa\u00e7\u00f5es de leite em p\u00f3 integral para fam\u00edlias cadastradas de baixa renda"},"content":{"rendered":"\n<p>Os Empres\u00e1rios do Polo de Experi\u00eancias da Rua 16 de Mar\u00e7o e Adjac\u00eancias, no Centro Hist\u00f3rico de Petr\u00f3polis est\u00e3o realizando o NATAL ENCANTADO com o objetivo de levar amor, encantamento e beleza aos moradores e turistas que frequentam este charmoso polo de compras da Cidade. As lojas est\u00e3o funcionando todos os dias da semana, inclusive aos domingos para oferecer mais comodidade e seguran\u00e7a aos clientes, adotando todos os procedimentos higi\u00eanico-sanit\u00e1rios.<\/p>\n\n\n\n<div class=\"wp-block-image is-style-rounded\"><figure class=\"aligncenter size-large is-resized\"><img loading=\"lazy\" decoding=\"async\" src=\"https:\/\/tvc16.com\/portal\/wp-content\/uploads\/2020\/12\/Bengala-e-Papai-Noel.jpg\" alt=\"\" class=\"wp-image-8358\" width=\"396\" height=\"526\"\/><\/figure><\/div>\n\n\n\n<p>A Rua est\u00e1 toda decorada com la\u00e7os e bolas nos postes, tren\u00f3 do Papai Noel com rena para fazer fotos e registrar momentos memor\u00e1veis, soldadinhos ao longo da rua e cora\u00e7\u00f5es nos fradinhos. Jardins floridos e bem cuidados pelos empres\u00e1rios e recantos com muitas plantas e flores d\u00e3o o toque final de beleza.<\/p>\n\n\n\n<div class=\"wp-block-image is-style-rounded\"><figure class=\"aligncenter size-large is-resized\"><img loading=\"lazy\" decoding=\"async\" src=\"https:\/\/tvc16.com\/portal\/wp-content\/uploads\/2020\/12\/Flores-com-Natal-1.jpg\" alt=\"\" class=\"wp-image-8357\" width=\"524\" height=\"394\" srcset=\"https:\/\/tvc16.com\/portal\/wp-content\/uploads\/2020\/12\/Flores-com-Natal-1.jpg 1024w, https:\/\/tvc16.com\/portal\/wp-content\/uploads\/2020\/12\/Flores-com-Natal-1-300x225.jpg 300w, https:\/\/tvc16.com\/portal\/wp-content\/uploads\/2020\/12\/Flores-com-Natal-1-768x576.jpg 768w, https:\/\/tvc16.com\/portal\/wp-content\/uploads\/2020\/12\/Flores-com-Natal-1-200x150.jpg 200w\" sizes=\"auto, (max-width: 524px) 100vw, 524px\" \/><\/figure><\/div>\n\n\n\n<p>Como sempre, em todos os eventos promovidos pela rede de coopera\u00e7\u00e3o empresarial, \u00e9 realizada a 16 Solid\u00e1ria, campanha que visa apoiar institui\u00e7\u00f5es de Petr\u00f3polis e estimular o sentimento de solidariedade e caridade junto aos colaboradores, fornecedores, moradores e clientes.<\/p>\n\n\n\n<p><\/p>\n\n\n\n<figure class=\"wp-block-image size-large is-style-rounded\"><img loading=\"lazy\" decoding=\"async\" width=\"1024\" height=\"576\" src=\"https:\/\/tvc16.com\/portal\/wp-content\/uploads\/2020\/12\/20201118_145845-1024x576.jpg\" alt=\"\" class=\"wp-image-8355\" srcset=\"https:\/\/tvc16.com\/portal\/wp-content\/uploads\/2020\/12\/20201118_145845-1024x576.jpg 1024w, https:\/\/tvc16.com\/portal\/wp-content\/uploads\/2020\/12\/20201118_145845-300x169.jpg 300w, https:\/\/tvc16.com\/portal\/wp-content\/uploads\/2020\/12\/20201118_145845-768x432.jpg 768w, https:\/\/tvc16.com\/portal\/wp-content\/uploads\/2020\/12\/20201118_145845-1536x864.jpg 1536w, https:\/\/tvc16.com\/portal\/wp-content\/uploads\/2020\/12\/20201118_145845-2048x1152.jpg 2048w\" sizes=\"auto, (max-width: 1024px) 100vw, 1024px\" \/><\/figure>\n\n\n\n<p>Durante o Natal Encantado 16 em 2020, o Polo de Experi\u00eancias est\u00e1 apoiando a RENOVAR e arrecadando doa\u00e7\u00f5es de leite em p\u00f3 integral para fam\u00edlias cadastradas de baixa renda. Quem quiser colaborar pode depositar sua doa\u00e7\u00e3o em lat\u00f5es adesivados, situados nos centros comerciais associados, Galeria Marchese, Travessa Cristal e Bauhaus.<\/p>\n\n\n\n<div class=\"wp-block-image is-style-rounded\"><figure class=\"aligncenter size-large is-resized\"><img loading=\"lazy\" decoding=\"async\" src=\"https:\/\/tvc16.com\/portal\/wp-content\/uploads\/2020\/12\/20201216_170918-1-739x1024.jpg\" alt=\"\" class=\"wp-image-8363\" width=\"433\" height=\"600\" srcset=\"https:\/\/tvc16.com\/portal\/wp-content\/uploads\/2020\/12\/20201216_170918-1-739x1024.jpg 739w, https:\/\/tvc16.com\/portal\/wp-content\/uploads\/2020\/12\/20201216_170918-1-216x300.jpg 216w, https:\/\/tvc16.com\/portal\/wp-content\/uploads\/2020\/12\/20201216_170918-1-768x1064.jpg 768w, https:\/\/tvc16.com\/portal\/wp-content\/uploads\/2020\/12\/20201216_170918-1-1108x1536.jpg 1108w, https:\/\/tvc16.com\/portal\/wp-content\/uploads\/2020\/12\/20201216_170918-1-scaled.jpg 1847w\" sizes=\"auto, (max-width: 433px) 100vw, 433px\" \/><figcaption>Lat\u00e3o adesivado, da Campanha, na Travessa Cristal<\/figcaption><\/figure><\/div>\n\n\n\n<p>A RENOVAR Sa\u00fade Crian\u00e7a \u00e9 uma organiza\u00e7\u00e3o que ampara fam\u00edlias de baixa renda que tiveram um dos filhos internados numa unidade hospitalar do munic\u00edpio de Petr\u00f3polis ou que sofrem de problemas cr\u00f4nicos de sa\u00fade. O principal objetivo \u00e9 garantir a plena recupera\u00e7\u00e3o da sa\u00fade da crian\u00e7a, reduzindo casos de reinterna\u00e7\u00e3o e disponibilizar meios que promovam a melhoria da qualidade de vida das suas fam\u00edlias.<\/p>\n\n\n\n<figure class=\"wp-block-image size-large is-style-rounded\"><img loading=\"lazy\" decoding=\"async\" width=\"1024\" height=\"471\" src=\"https:\/\/tvc16.com\/portal\/wp-content\/uploads\/2020\/12\/16-Solidaria-Natal-1024x471.jpg\" alt=\"\" class=\"wp-image-8356\" srcset=\"https:\/\/tvc16.com\/portal\/wp-content\/uploads\/2020\/12\/16-Solidaria-Natal-1024x471.jpg 1024w, https:\/\/tvc16.com\/portal\/wp-content\/uploads\/2020\/12\/16-Solidaria-Natal-300x138.jpg 300w, https:\/\/tvc16.com\/portal\/wp-content\/uploads\/2020\/12\/16-Solidaria-Natal-768x353.jpg 768w, https:\/\/tvc16.com\/portal\/wp-content\/uploads\/2020\/12\/16-Solidaria-Natal.jpg 1200w\" sizes=\"auto, (max-width: 1024px) 100vw, 1024px\" \/><\/figure>\n\n\n\n<p>Profissionais como assistente social, nutricionista e psic\u00f3loga assistem tanto a crian\u00e7a convalescente, quanto aos demais membros da fam\u00edlia por, em m\u00e9dia, 18 meses. A institui\u00e7\u00e3o fornece mensalmente medicamentos, leite e cestas de alimentos, al\u00e9m de promover palestras educativas e cursos de capacita\u00e7\u00e3o para o trabalho, dentre outros benef\u00edcios, prestados de acordo com as necessidades identificadas em cada fam\u00edlia.<\/p>\n\n\n\n<p>Na sua visita ao Polo de Experi\u00eancias da Rua 16 de Mar\u00e7o e Alencar Lima aproveite a oportunidade para levar sua doa\u00e7\u00e3o, se encante com a decora\u00e7\u00e3o do Natal Encantado, d\u00ea&nbsp; &nbsp;uma paradinha para um lanche ou almo\u00e7o e aprecie as lojas do polo comercial mais charmoso da cidade. D\u00ea prefer\u00eancia \u00e0s lojas que t\u00eam uma placa da 16 em sua fachada, pois estas fazem parte do Polo, acreditam no valor do associativismo e contribuem para que se consiga cuidar e embelezar a rua, promover os eventos e realizar as campanhas solid\u00e1rias.<\/p>\n\n\n\n<p>Para mais informa\u00e7\u00f5es consulte as redes sociais @rua16demarco e fique por dentro das novidades, op\u00e7\u00f5es de presentes, lan\u00e7amentos de cole\u00e7\u00f5es, promo\u00e7\u00f5es e eventos.<\/p>\n","protected":false},"excerpt":{"rendered":"<p>Os Empres\u00e1rios do Polo de Experi\u00eancias da Rua 16 de Mar\u00e7o e Adjac\u00eancias, no Centro<\/p>\n","protected":false},"author":2,"featured_media":8369,"comment_status":"open","ping_status":"open","sticky":false,"template":"","format":"standard","meta":{"footnotes":""},"categories":[12],"tags":[],"class_list":["post-8367","post","type-post","status-publish","format-standard","has-post-thumbnail","hentry","category-cidade"],"_links":{"self":[{"href":"https:\/\/tvc16.com\/portal\/wp-json\/wp\/v2\/posts\/8367","targetHints":{"allow":["GET"]}}],"collection":[{"href":"https:\/\/tvc16.com\/portal\/wp-json\/wp\/v2\/posts"}],"about":[{"href":"https:\/\/tvc16.com\/portal\/wp-json\/wp\/v2\/types\/post"}],"author":[{"embeddable":true,"href":"https:\/\/tvc16.com\/portal\/wp-json\/wp\/v2\/users\/2"}],"replies":[{"embeddable":true,"href":"https:\/\/tvc16.com\/portal\/wp-json\/wp\/v2\/comments?post=8367"}],"version-history":[{"count":1,"href":"https:\/\/tvc16.com\/portal\/wp-json\/wp\/v2\/posts\/8367\/revisions"}],"predecessor-version":[{"id":8368,"href":"https:\/\/tvc16.com\/portal\/wp-json\/wp\/v2\/posts\/8367\/revisions\/8368"}],"wp:featuredmedia":[{"embeddable":true,"href":"https:\/\/tvc16.com\/portal\/wp-json\/wp\/v2\/media\/8369"}],"wp:attachment":[{"href":"https:\/\/tvc16.com\/portal\/wp-json\/wp\/v2\/media?parent=8367"}],"wp:term":[{"taxonomy":"category","embeddable":true,"href":"https:\/\/tvc16.com\/portal\/wp-json\/wp\/v2\/categories?post=8367"},{"taxonomy":"post_tag","embeddable":true,"href":"https:\/\/tvc16.com\/portal\/wp-json\/wp\/v2\/tags?post=8367"}],"curies":[{"name":"wp","href":"https:\/\/api.w.org\/{rel}","templated":true}]}}