{"id":8379,"date":"2020-12-16T21:44:51","date_gmt":"2020-12-17T00:44:51","guid":{"rendered":"https:\/\/tvc16.com\/portal\/?p=8379"},"modified":"2020-12-16T21:50:32","modified_gmt":"2020-12-17T00:50:32","slug":"regiao-de-dificil-acesso-recebe-obras-da-prefeitura-de-nova-iguacu","status":"publish","type":"post","link":"https:\/\/tvc16.com\/portal\/2020\/12\/16\/regiao-de-dificil-acesso-recebe-obras-da-prefeitura-de-nova-iguacu\/","title":{"rendered":"Regi\u00e3o de dif\u00edcil acesso recebe obras da prefeitura de Nova Igua\u00e7u"},"content":{"rendered":"\n<p><strong>Ruas do bairro Valverde est\u00e3o recebendo melhorias<\/strong><\/p>\n\n\n\n<p>Obras de drenagem pluvial, esgoto sanit\u00e1rio, meio fio e terraplanagem j\u00e1 foram conclu\u00eddas no bairro Valverde, que fica \u00e0s margens da Avenida Ab\u00edlio Augusto T\u00e1vora (antiga Estrada de Madureira). Seis ruas da regi\u00e3o &#8211; Desembargador Newton Queir\u00f3z, Desembargador Ac\u00e1cio Arag\u00e3o, Jos\u00e9 Cabral, Malungo, Altair Parreiras e Ubatuba- , est\u00e3o recebendo melhorias. Os servi\u00e7os de asfalto ainda ser\u00e3o iniciados pela Secretaria Municipal de Infraestrutura (SEMIF).<\/p>\n\n\n\n<figure class=\"wp-block-image size-large\"><img decoding=\"async\" src=\"https:\/\/tvc16.com\/portal\/wp-content\/uploads\/2020\/12\/11.12.2020-obras-no-bairro-Valverde-CLAUDIA-PINHEIRO.-RF-4.jpg\" alt=\"\" class=\"wp-image-8380\"\/><figcaption>Cl\u00e1udia Pinheiro, moradora h\u00e1 22 anos da Rua Jos\u00e9 Cabral,<\/figcaption><\/figure>\n\n\n\n<p>A obra, mesmo n\u00e3o estando totalmente conclu\u00edda, j\u00e1 trouxe benef\u00edcios aos moradores. As cal\u00e7adas, que viviam cobertas de barro ou lama, quando chovia, j\u00e1 est\u00e3o concretadas.<\/p>\n\n\n\n<p>\u201cAqui acontecia o seguinte: chovia era lama, parou a chuva, era a vez do o barro e, depois, a poeira. Fora que ainda t\u00ednhamos outros problemas, como carros atolados nas ruas, que eram intransit\u00e1veis. Nas cal\u00e7adas, muita gente levava tombo ou trope\u00e7ava. Agora j\u00e1 consigo sair da porta da minha casa sem pisar na lama. S\u00f3 falta chegar o asfalto, mas isso \u00e9 quest\u00e3o de tempo\u201d, afirma a cuidadora de idosos Cl\u00e1udia Pinheiro, de 41 anos, 22 deles morando na Rua Jos\u00e9 Cabral, umas das vias contempladas pela obra.<\/p>\n\n\n\n<p>Assim como o bairro Valverde, a Prefeitura de Nova Igua\u00e7u est\u00e1 fazendo obras em Prados Verdes, Rodil\u00e2ndia, Parque Samar, Jardim Palmares, entre outros.<\/p>\n\n\n\n<p>Fotos: Renato Fonseca&nbsp;<\/p>\n\n\n\n<p><\/p>\n","protected":false},"excerpt":{"rendered":"<p>Ruas do bairro Valverde est\u00e3o recebendo melhorias Obras de drenagem pluvial, esgoto sanit\u00e1rio, meio fio<\/p>\n","protected":false},"author":2,"featured_media":8384,"comment_status":"open","ping_status":"open","sticky":false,"template":"","format":"standard","meta":{"footnotes":""},"categories":[17],"tags":[],"class_list":["post-8379","post","type-post","status-publish","format-standard","has-post-thumbnail","hentry","category-outras-noticias"],"_links":{"self":[{"href":"https:\/\/tvc16.com\/portal\/wp-json\/wp\/v2\/posts\/8379","targetHints":{"allow":["GET"]}}],"collection":[{"href":"https:\/\/tvc16.com\/portal\/wp-json\/wp\/v2\/posts"}],"about":[{"href":"https:\/\/tvc16.com\/portal\/wp-json\/wp\/v2\/types\/post"}],"author":[{"embeddable":true,"href":"https:\/\/tvc16.com\/portal\/wp-json\/wp\/v2\/users\/2"}],"replies":[{"embeddable":true,"href":"https:\/\/tvc16.com\/portal\/wp-json\/wp\/v2\/comments?post=8379"}],"version-history":[{"count":1,"href":"https:\/\/tvc16.com\/portal\/wp-json\/wp\/v2\/posts\/8379\/revisions"}],"predecessor-version":[{"id":8382,"href":"https:\/\/tvc16.com\/portal\/wp-json\/wp\/v2\/posts\/8379\/revisions\/8382"}],"wp:featuredmedia":[{"embeddable":true,"href":"https:\/\/tvc16.com\/portal\/wp-json\/wp\/v2\/media\/8384"}],"wp:attachment":[{"href":"https:\/\/tvc16.com\/portal\/wp-json\/wp\/v2\/media?parent=8379"}],"wp:term":[{"taxonomy":"category","embeddable":true,"href":"https:\/\/tvc16.com\/portal\/wp-json\/wp\/v2\/categories?post=8379"},{"taxonomy":"post_tag","embeddable":true,"href":"https:\/\/tvc16.com\/portal\/wp-json\/wp\/v2\/tags?post=8379"}],"curies":[{"name":"wp","href":"https:\/\/api.w.org\/{rel}","templated":true}]}}