{"id":8385,"date":"2020-12-16T21:53:12","date_gmt":"2020-12-17T00:53:12","guid":{"rendered":"https:\/\/tvc16.com\/portal\/?p=8385"},"modified":"2020-12-16T21:53:14","modified_gmt":"2020-12-17T00:53:14","slug":"imcp-lanca-caneca-inspirada-em-grandes-musicos-e-toda-renda-adquirida-sera-revertida-para-as-atividades-do-instituto","status":"publish","type":"post","link":"https:\/\/tvc16.com\/portal\/2020\/12\/16\/imcp-lanca-caneca-inspirada-em-grandes-musicos-e-toda-renda-adquirida-sera-revertida-para-as-atividades-do-instituto\/","title":{"rendered":"IMCP Lan\u00e7a caneca inspirada em grandes m\u00fasicos e toda renda adquirida ser\u00e1 revertida para as atividades do Instituto"},"content":{"rendered":"\n<p>Catorze grandes mestres da m\u00fasica tiveram seus aut\u00f3grafos reunidos e eternizados em lindas canecas lan\u00e7adas pelo Instituto dos Meninos Cantores de Petr\u00f3polis. O projeto ganhou o nome de \u201cGrandes mestres nos inspiram\u201d e faz parte de uma s\u00e9rie de iniciativas do IMCP para arrecadar verba para as atividades desenvolvidas pela institui\u00e7\u00e3o. As canecas j\u00e1 est\u00e3o \u00e0 venda e custam R$20.<\/p>\n\n\n\n<p>Segundo a gestora do IMCP, Rose de Mello, a venda das canecas no fim de ano j\u00e1 \u00e9 uma tradi\u00e7\u00e3o e neste momento em que os concertos presenciais est\u00e3o suspensos v\u00e3o contribuir para a manuten\u00e7\u00e3o das atividades do Instituto. \u201cTivemos uma surpresa muito grande com o interesse das pessoas em levar um pedacinho da nossa hist\u00f3ria para casa quando vendemos os antigos banquinhos, por isso, retomamos o projeto das canecas para fazer um registro da m\u00fasica e homenagear compositores cujas m\u00fasicas s\u00e3o cantadas pelos coros\u201d, contou Rose, explicando que o design foi criado pelo publicit\u00e1rio Alexandre Campos.<\/p>\n\n\n\n<p>Os interessados em adquirir as canecas podem entrar em contato pelo telefone (24) 98124 5356, onde ser\u00e3o passadas as informa\u00e7\u00f5es sobre possibilidades de pagamento e entrega.<\/p>\n\n\n\n<p>Durante a pandemia, as atividades do Instituto dos Meninos Cantores de Petr\u00f3polis foram parcialmente suspensas. No entanto, meninos e meninas continuam com os ensaios e as aulas on-line. O IMCP tamb\u00e9m tem realizado concertos virtuais que s\u00e3o transmitidos em sua p\u00e1gina no Facebook (@canarinhosdepetropolis) e no canal TV Franciscanos no YouTube.<\/p>\n","protected":false},"excerpt":{"rendered":"<p>Catorze grandes mestres da m\u00fasica tiveram seus aut\u00f3grafos reunidos e eternizados em lindas canecas lan\u00e7adas<\/p>\n","protected":false},"author":2,"featured_media":8386,"comment_status":"open","ping_status":"open","sticky":false,"template":"","format":"standard","meta":{"footnotes":""},"categories":[12],"tags":[],"class_list":["post-8385","post","type-post","status-publish","format-standard","has-post-thumbnail","hentry","category-cidade"],"_links":{"self":[{"href":"https:\/\/tvc16.com\/portal\/wp-json\/wp\/v2\/posts\/8385","targetHints":{"allow":["GET"]}}],"collection":[{"href":"https:\/\/tvc16.com\/portal\/wp-json\/wp\/v2\/posts"}],"about":[{"href":"https:\/\/tvc16.com\/portal\/wp-json\/wp\/v2\/types\/post"}],"author":[{"embeddable":true,"href":"https:\/\/tvc16.com\/portal\/wp-json\/wp\/v2\/users\/2"}],"replies":[{"embeddable":true,"href":"https:\/\/tvc16.com\/portal\/wp-json\/wp\/v2\/comments?post=8385"}],"version-history":[{"count":1,"href":"https:\/\/tvc16.com\/portal\/wp-json\/wp\/v2\/posts\/8385\/revisions"}],"predecessor-version":[{"id":8387,"href":"https:\/\/tvc16.com\/portal\/wp-json\/wp\/v2\/posts\/8385\/revisions\/8387"}],"wp:featuredmedia":[{"embeddable":true,"href":"https:\/\/tvc16.com\/portal\/wp-json\/wp\/v2\/media\/8386"}],"wp:attachment":[{"href":"https:\/\/tvc16.com\/portal\/wp-json\/wp\/v2\/media?parent=8385"}],"wp:term":[{"taxonomy":"category","embeddable":true,"href":"https:\/\/tvc16.com\/portal\/wp-json\/wp\/v2\/categories?post=8385"},{"taxonomy":"post_tag","embeddable":true,"href":"https:\/\/tvc16.com\/portal\/wp-json\/wp\/v2\/tags?post=8385"}],"curies":[{"name":"wp","href":"https:\/\/api.w.org\/{rel}","templated":true}]}}