{"id":8394,"date":"2020-12-17T06:53:44","date_gmt":"2020-12-17T09:53:44","guid":{"rendered":"https:\/\/tvc16.com\/portal\/?p=8394"},"modified":"2020-12-17T06:53:46","modified_gmt":"2020-12-17T09:53:46","slug":"pesquisa-aponta-provavel-ligacao-entre-covid-19-e-disfuncao-eretil","status":"publish","type":"post","link":"https:\/\/tvc16.com\/portal\/2020\/12\/17\/pesquisa-aponta-provavel-ligacao-entre-covid-19-e-disfuncao-eretil\/","title":{"rendered":"Pesquisa aponta prov\u00e1vel liga\u00e7\u00e3o entre Covid-19 e disfun\u00e7\u00e3o er\u00e9til"},"content":{"rendered":"\n<p>No entanto, especialistas afirmam que ainda \u00e9 cedo para se tirar conclus\u00f5es sobre essa correla\u00e7\u00e3o<\/p>\n\n\n\n<p>Mesmo com o surgimento da vacina contra a Covid-19, a doen\u00e7a ainda traz uma s\u00e9rie de d\u00favidas sobre os seus danos, principalmente a longo prazo. Um estudo feito na Universidade de Roma Tor Vergata aponta uma poss\u00edvel correla\u00e7\u00e3o entre a enfermidade e a disfun\u00e7\u00e3o er\u00e9til, tamb\u00e9m conhecida como impot\u00eancia sexual. Emmanuele Jannini, autor da pesquisa, afirma que a conex\u00e3o entre as duas doen\u00e7as se deve ao fato do novo coronav\u00edrus afetar o bem-estar f\u00edsico e mental dos pacientes.&nbsp;<\/p>\n\n\n\n<p>Al\u00e9m disso, o estudo tamb\u00e9m sugere que os homens que j\u00e1 possuem a disfun\u00e7\u00e3o er\u00e9til e que sejam infectados pelo coronav\u00edrus possam desenvolver mais facilmente pneumonia. &nbsp;Isso se d\u00e1 por conta de ambas as doen\u00e7as envolverem as mesmas comorbidades, como a disfun\u00e7\u00e3o endotelial (contra\u00e7\u00e3o do revestimento das art\u00e9rias capilares), problemas respirat\u00f3rios e hormonais, inflama\u00e7\u00f5es, estresse, ansiedade e depress\u00e3o.&nbsp;<\/p>\n\n\n\n<p>Especialistas ouvidos pelo portal Brasil61.com alegam que ainda \u00e9 muito cedo para associar a Covid-19 com a impot\u00eancia sexual, devido \u00e0 recente descoberta do v\u00edrus. O m\u00e9dico urologista&nbsp;Rodrigo Carvalho diz que \u00e9 precipitado ter alguma certeza sobre essa poss\u00edvel correla\u00e7\u00e3o.&nbsp;<\/p>\n\n\n\n<p>\u201cPelo fato do novo coronav\u00edrus ter sido descoberto recentemente ainda n\u00e3o se sabe o que ele ir\u00e1 causar a longo prazo no paciente. Essa rela\u00e7\u00e3o est\u00e1 sendo investigada e s\u00e3o necess\u00e1rios mais trabalhos para comprovar essa conex\u00e3o\u201d, afirma.<\/p>\n\n\n\n<p>A disfun\u00e7\u00e3o er\u00e9til \u00e9 caracterizada como a incapacidade do homem em conseguir e manter a ere\u00e7\u00e3o do p\u00eanis durante a atividade sexual. Especialistas em sa\u00fade dizem que a condi\u00e7\u00e3o pode ser um sinal da exist\u00eancia de doen\u00e7as cr\u00f4nicas ou transtornos mentais e frisam que a ocorr\u00eancia da n\u00e3o obten\u00e7\u00e3o de uma ere\u00e7\u00e3o nem sempre \u00e9 resultado da disfun\u00e7\u00e3o er\u00e9til.&nbsp;<\/p>\n\n\n\n<p><strong><a href=\"https:\/\/brasil61.com\/noticias\/ocupacao-de-leitos-covid-19-aumenta-nos-hospitais-brasileiros-bras203028\" target=\"_blank\" rel=\"noreferrer noopener\">Ocupa\u00e7\u00e3o de leitos Covid-19 aumenta nos hospitais brasileiros<\/a><\/strong><\/p>\n\n\n\n<p><strong><a href=\"https:\/\/brasil61.com\/noticias\/com-interiorizacao-da-covid-19-pesquisadores-da-fiocruz-propoe-novos-cenarios-de-regionalizacao-no-rj-bras201052\" target=\"_blank\" rel=\"noreferrer noopener\">Com interioriza\u00e7\u00e3o da Covid-19, pesquisadores da Fiocruz prop\u00f5em novos cen\u00e1rios de regionaliza\u00e7\u00e3o no RJ<\/a><\/strong><\/p>\n\n\n\n<p>Cristiano Estivalet, que tamb\u00e9m \u00e9 m\u00e9dico urologista, diz que ainda n\u00e3o h\u00e1 conclus\u00f5es suficientes para correlacionar a impot\u00eancia sexual com o coronav\u00edrus. No entanto, ele afirma que tem presenciado homens com impot\u00eancia sexual devido ao estresse causado pelo isolamento social.&nbsp;<\/p>\n\n\n\n<p>\u201cTenho percebido nos \u00faltimos meses um aumento no volume de pacientes com disfun\u00e7\u00e3o er\u00e9til por conta da quarentena, devido a todo esse n\u00edvel de estresse e ansiedade que a sociedade est\u00e1 vivendo\u201d, explica.&nbsp;<\/p>\n\n\n\n<figure class=\"wp-block-image\"><img decoding=\"async\" src=\"\/\/s3-sa-east-1.amazonaws.com\/agencia-radio-arb\/3343\/content_disfuncao-eretil_%281%29.png\" alt=\"\"\/><\/figure>\n\n\n\n<h2 class=\"wp-block-heading\">Causas<\/h2>\n\n\n\n<p>As causas da disfun\u00e7\u00e3o er\u00e9til s\u00e3o variadas &#8211; problemas circulat\u00f3rios, doen\u00e7as neurol\u00f3gicas, dist\u00farbios hormonais, transtornos mentais, entre outros. M\u00e9dicos recomendam a manuten\u00e7\u00e3o de h\u00e1bitos saud\u00e1veis, como atividades f\u00edsicas, para que se evite a impot\u00eancia sexual.<\/p>\n\n\n\n<p>O tratamento da condi\u00e7\u00e3o pode ser feito por meio do uso de medicamentos e acompanhamento psicol\u00f3gico. Estima-se que 16 de milh\u00f5es de homens convivam com a doen\u00e7a no Brasil.&nbsp;<\/p>\n\n\n\n<p>Fonte: <a href=\"https:\/\/brasil61.com\/noticias\/pesquisa-aponta-provavel-ligacao-entre-covid-19-e-disfuncao-eretil-bras203048?email=bethdeoliveira@yahoo.com.br&amp;utm_source=newsletter&amp;utm_medium=newsletter&amp;utm_campaign=newsletter\" target=\"_blank\" rel=\"noreferrer noopener\">Brasil 61<\/a><\/p>\n","protected":false},"excerpt":{"rendered":"<p>No entanto, especialistas afirmam que ainda \u00e9 cedo para se tirar conclus\u00f5es sobre essa correla\u00e7\u00e3o<\/p>\n","protected":false},"author":2,"featured_media":8395,"comment_status":"open","ping_status":"open","sticky":false,"template":"","format":"standard","meta":{"footnotes":""},"categories":[17],"tags":[],"class_list":["post-8394","post","type-post","status-publish","format-standard","has-post-thumbnail","hentry","category-outras-noticias"],"_links":{"self":[{"href":"https:\/\/tvc16.com\/portal\/wp-json\/wp\/v2\/posts\/8394","targetHints":{"allow":["GET"]}}],"collection":[{"href":"https:\/\/tvc16.com\/portal\/wp-json\/wp\/v2\/posts"}],"about":[{"href":"https:\/\/tvc16.com\/portal\/wp-json\/wp\/v2\/types\/post"}],"author":[{"embeddable":true,"href":"https:\/\/tvc16.com\/portal\/wp-json\/wp\/v2\/users\/2"}],"replies":[{"embeddable":true,"href":"https:\/\/tvc16.com\/portal\/wp-json\/wp\/v2\/comments?post=8394"}],"version-history":[{"count":1,"href":"https:\/\/tvc16.com\/portal\/wp-json\/wp\/v2\/posts\/8394\/revisions"}],"predecessor-version":[{"id":8396,"href":"https:\/\/tvc16.com\/portal\/wp-json\/wp\/v2\/posts\/8394\/revisions\/8396"}],"wp:featuredmedia":[{"embeddable":true,"href":"https:\/\/tvc16.com\/portal\/wp-json\/wp\/v2\/media\/8395"}],"wp:attachment":[{"href":"https:\/\/tvc16.com\/portal\/wp-json\/wp\/v2\/media?parent=8394"}],"wp:term":[{"taxonomy":"category","embeddable":true,"href":"https:\/\/tvc16.com\/portal\/wp-json\/wp\/v2\/categories?post=8394"},{"taxonomy":"post_tag","embeddable":true,"href":"https:\/\/tvc16.com\/portal\/wp-json\/wp\/v2\/tags?post=8394"}],"curies":[{"name":"wp","href":"https:\/\/api.w.org\/{rel}","templated":true}]}}