{"id":8397,"date":"2020-12-17T07:03:16","date_gmt":"2020-12-17T10:03:16","guid":{"rendered":"https:\/\/tvc16.com\/portal\/?p=8397"},"modified":"2020-12-17T07:03:18","modified_gmt":"2020-12-17T10:03:18","slug":"sus-vai-ter-prioridade-nas-vacinas-produzidas-no-brasil-afirma-pazuello","status":"publish","type":"post","link":"https:\/\/tvc16.com\/portal\/2020\/12\/17\/sus-vai-ter-prioridade-nas-vacinas-produzidas-no-brasil-afirma-pazuello\/","title":{"rendered":"&#8220;SUS vai ter prioridade nas vacinas produzidas no Brasil\u201d, afirma Pazuello"},"content":{"rendered":"\n<p>Minist\u00e9rio da Sa\u00fade garante que o sucesso dessa a\u00e7\u00e3o depende do Sistema \u00danico de Sa\u00fade al\u00e9m do envolvimento das tr\u00eas esferas do Governo Federal<\/p>\n\n\n\n<p>O Brasil possui um plano estrat\u00e9gico para proteger a popula\u00e7\u00e3o contra a Covid-19. Nesta quarta-feira (16), o Governo Federal divulgou o <strong><a href=\"https:\/\/www.gov.br\/saude\/pt-br\/media\/pdf\/2020\/dezembro\/16\/plano_vacinacao_versao_eletronica.pdf\">Plano Nacional de Operacionaliza\u00e7\u00e3o da Vacina\u00e7\u00e3o<\/a><\/strong> contra a doen\u00e7a, um documento com diretrizes que tem objetivo de apoiar os Estados e munic\u00edpios no planejamento e organiza\u00e7\u00e3o da vacina\u00e7\u00e3o contra a doen\u00e7a.<br><br>De acordo com o Minist\u00e9rio da Sa\u00fade, o \u00eaxito dessa a\u00e7\u00e3o depende do envolvimento das tr\u00eas esferas de gest\u00e3o em esfor\u00e7os coordenados pelo Sistema \u00danico de Sa\u00fade (SUS), mas \u00e9 preciso tamb\u00e9m de mobiliza\u00e7\u00e3o e ades\u00e3o da popula\u00e7\u00e3o \u00e0 vacina\u00e7\u00e3o.<br><br>Para a infectologista da Unicamp e consultora da Sociedade Brasileira de Infectologia, Raquel Stucchi, um documento deste tipo \u00e9 necess\u00e1rio para orientar as a\u00e7\u00f5es que estados e munic\u00edpios v\u00e3o adotar como padr\u00e3o. \u201cIsso \u00e9 importante para que todas as a\u00e7\u00f5es sejam centralizadas na esfera federal, como sempre aconteceu nas campanhas nacionais de imuniza\u00e7\u00e3o. O Brasil tem muita experi\u00eancia de sucesso em rela\u00e7\u00e3o \u00e0s campanhas nacionais. E as pessoas envolvidas em a\u00e7\u00f5es anteriores, com certeza, ser\u00e3o chamas para participar desta nova campanha em um momento t\u00e3o crucial para o nosso Pa\u00eds\u201d, apontou a m\u00e9dica.<\/p>\n\n\n\n<p><strong><a href=\"https:\/\/brasil61.com\/noticias\/covid-19-vacina-precisara-de-cuidados-durante-envio-a-estados-e-municipios-bras202647\">Covid-19: Vacina precisar\u00e1 de cuidados durante envio a Estados e Munic\u00edpios<\/a><\/strong><\/p>\n\n\n\n<p><a href=\"https:\/\/brasil61.com\/noticias\/governo-diz-que-vai-ajudar-municipios-na-vacinacao-contra-covid-19-bras202944\"><strong>Governo diz que vai ajudar munic\u00edpios na vacina\u00e7\u00e3o contra Covid-19<\/strong><\/a><\/p>\n\n\n\n<p>O planejamento da vacina\u00e7\u00e3o nacional est\u00e1 orientado em conformidade com o registro e licenciamento de vacinas, que no Brasil \u00e9 de atribui\u00e7\u00e3o da Ag\u00eancia Nacional de Vigil\u00e2ncia Sanit\u00e1ria (Anvisa), conforme Lei n\u00ba 6.360\/1976 e outros regulamentos t\u00e9cnicos. Dito isso, \u00e9 importante saber como andam as principais vacinas em an\u00e1lise pela Anvisa e que podem ser oferecidas \u00e0 popula\u00e7\u00e3o a partir do ano que vem.<br><br>Diante do compromisso de transpar\u00eancia e do interesse p\u00fablico, a Anvisa mant\u00e9m uma <strong><a href=\"https:\/\/www.gov.br\/anvisa\/pt-br\/assuntos\/noticias-anvisa\/2020\/andamento-da-analise-das-vacinas-na-anvisa\">p\u00e1gina na internet para divulgar o status das an\u00e1lises<\/a><\/strong> preliminares para registro e outras informa\u00e7\u00f5es de vacinas contra Covid-19. Isso quer dizer que qualquer pessoa pode saber como est\u00e1 o andamento da submiss\u00e3o de documentos apresentados pelas empresas desenvolvedoras.&nbsp;<\/p>\n\n\n\n<p><img decoding=\"async\" alt=\"\" src=\"\/\/s3-sa-east-1.amazonaws.com\/agencia-radio-arb\/3344\/content_plano-vacina.png\"><br><br>Das quatro principais vacinas, a Astrazeneca\/Fiocruz e a Sinovac\/Butantan aguardam a Certifica\u00e7\u00e3o de Boas Pr\u00e1ticas de Fabrica\u00e7\u00e3o, referente \u00e0 etapa em que inspetores t\u00eam de garantir que uma f\u00e1brica, em qualquer lugar do mundo, cumpra com os requisitos determinados pela legisla\u00e7\u00e3o brasileira. S\u00e3o avaliadas as estruturas f\u00edsicas das \u00e1reas de produ\u00e7\u00e3o, armazenamento e laborat\u00f3rios de controle de qualidade, al\u00e9m de toda a documenta\u00e7\u00e3o do sistema de garantia de qualidade da empresa. As vacinas Janssen e Pfizer j\u00e1 solicitaram essa certifica\u00e7\u00e3o, mas o pedido ainda est\u00e1 em an\u00e1lise.<br><br>Ap\u00f3s esse processo, e dando tudo certo com as vacinas, \u00e9 poss\u00edvel os laborat\u00f3rios entrarem com o pedido de registro, que \u00e9 quando a Anvisa d\u00e1 o sinal verde para que o imunizante seja comercializado e disponibilizado por todo o Pa\u00eds.<br><br>Em rela\u00e7\u00e3o ao <strong><a href=\"https:\/\/www.gov.br\/saude\/pt-br\/assuntos\/noticias\/presidente-da-republica-e-ministro-eduardo-pazuello-apresentam-plano-de-vacinacao-contra-a-covid-19-201ctodas-as-vacinas-produzidas-no-brasil-terao-prioridade-do-sus201d\">recebimento das vacinas<\/a><\/strong>, o ministro da Sa\u00fade, Eduardo Pazuello, explicou que \u201ctodos os estados da Federa\u00e7\u00e3o ser\u00e3o tratados de forma igualit\u00e1ria e proporcional. N\u00e3o haver\u00e1 nenhuma diferen\u00e7a. Todas as vacinas produzidas no Brasil ou pelo Butantan, Fiocruz ou qualquer ind\u00fastria ter\u00e1 prioridade do SUS\u201d, concluiu o ministro. Nesse sentido, o Brasil possui negocia\u00e7\u00f5es em andamento, que totalizam, em torno de 350 milh\u00f5es de doses de vacinas, por meio de acordos com laborat\u00f3rios e empresas.<\/p>\n\n\n\n<h2 class=\"wp-block-heading\">Vacina\u00e7\u00e3o pelo mundo<\/h2>\n\n\n\n<p>Os \u00faltimos 15 dias foram marcados pelo in\u00edcio da vacina\u00e7\u00e3o contra a Covid-19 nos primeiros pa\u00edses do mundo. A R\u00fassia foi o primeiro pa\u00eds a come\u00e7ar a vacina\u00e7\u00e3o contra a doen\u00e7a no dia 5 de dezembro, usando a vacina desenvolvida por l\u00e1, a Sputnik V.<br><br>Alguns dias depois, 8 de dezembro, o Reino Unido deu in\u00edcio ao processo de vacina\u00e7\u00e3o da sua popula\u00e7\u00e3o, mas com o imunizante da Pfizer\/BioNTech. Essa tamb\u00e9m foi a vacina usada por EUA e Canad\u00e1, que tiveram a a\u00e7\u00e3o iniciada na segunda-feira (14).<br><br>\u00c9 importante destacar aqui que nenhuma das duas vacinas tiveram os estudos totalmente finalizados nos pa\u00edses onde est\u00e3o sendo aplicadas, mas foram aprovadas pelos governos locais e oferecidos \u00e0 popula\u00e7\u00e3o.<\/p>\n\n\n\n<p>Fonte: <a href=\"https:\/\/brasil61.com\/noticias\/sus-vai-ter-prioridade-nas-vacinas-produzidas-no-brasil-afirma-pazuello-bras203047?email=bethdeoliveira@yahoo.com.br&amp;utm_source=newsletter&amp;utm_medium=newsletter&amp;utm_campaign=newsletter\" target=\"_blank\" rel=\"noreferrer noopener\">Brasil 61<\/a><\/p>\n","protected":false},"excerpt":{"rendered":"<p>Minist\u00e9rio da Sa\u00fade garante que o sucesso dessa a\u00e7\u00e3o depende do Sistema \u00danico de Sa\u00fade<\/p>\n","protected":false},"author":2,"featured_media":8398,"comment_status":"open","ping_status":"open","sticky":false,"template":"","format":"standard","meta":{"footnotes":""},"categories":[17],"tags":[],"class_list":["post-8397","post","type-post","status-publish","format-standard","has-post-thumbnail","hentry","category-outras-noticias"],"_links":{"self":[{"href":"https:\/\/tvc16.com\/portal\/wp-json\/wp\/v2\/posts\/8397","targetHints":{"allow":["GET"]}}],"collection":[{"href":"https:\/\/tvc16.com\/portal\/wp-json\/wp\/v2\/posts"}],"about":[{"href":"https:\/\/tvc16.com\/portal\/wp-json\/wp\/v2\/types\/post"}],"author":[{"embeddable":true,"href":"https:\/\/tvc16.com\/portal\/wp-json\/wp\/v2\/users\/2"}],"replies":[{"embeddable":true,"href":"https:\/\/tvc16.com\/portal\/wp-json\/wp\/v2\/comments?post=8397"}],"version-history":[{"count":1,"href":"https:\/\/tvc16.com\/portal\/wp-json\/wp\/v2\/posts\/8397\/revisions"}],"predecessor-version":[{"id":8399,"href":"https:\/\/tvc16.com\/portal\/wp-json\/wp\/v2\/posts\/8397\/revisions\/8399"}],"wp:featuredmedia":[{"embeddable":true,"href":"https:\/\/tvc16.com\/portal\/wp-json\/wp\/v2\/media\/8398"}],"wp:attachment":[{"href":"https:\/\/tvc16.com\/portal\/wp-json\/wp\/v2\/media?parent=8397"}],"wp:term":[{"taxonomy":"category","embeddable":true,"href":"https:\/\/tvc16.com\/portal\/wp-json\/wp\/v2\/categories?post=8397"},{"taxonomy":"post_tag","embeddable":true,"href":"https:\/\/tvc16.com\/portal\/wp-json\/wp\/v2\/tags?post=8397"}],"curies":[{"name":"wp","href":"https:\/\/api.w.org\/{rel}","templated":true}]}}