{"id":8400,"date":"2020-12-17T07:54:43","date_gmt":"2020-12-17T10:54:43","guid":{"rendered":"https:\/\/tvc16.com\/portal\/?p=8400"},"modified":"2020-12-17T07:54:46","modified_gmt":"2020-12-17T10:54:46","slug":"boletim-da-fiocruz-traz-recomendacoes-as-novas-prefeituras-para-enfrentamento-da-covid-19","status":"publish","type":"post","link":"https:\/\/tvc16.com\/portal\/2020\/12\/17\/boletim-da-fiocruz-traz-recomendacoes-as-novas-prefeituras-para-enfrentamento-da-covid-19\/","title":{"rendered":"Boletim da Fiocruz traz recomenda\u00e7\u00f5es \u00e0s novas prefeituras para enfrentamento da Covid-19"},"content":{"rendered":"\n<p>Popula\u00e7\u00e3o espera que gestores eleitos e reeleitos saibam enfrentar os desafios do novo coronav\u00edrus<\/p>\n\n\n\n<p>A Funda\u00e7\u00e3o Oswaldo Cruz lan\u00e7ou um novo <a href=\"https:\/\/agencia.fiocruz.br\/sites\/agencia.fiocruz.br\/files\/u35\/boletim_covid_semana_48-49_web.pdf\">Boletim do Observat\u00f3rio Covid-19<\/a>, que traz recomenda\u00e7\u00f5es aos prefeitos eleitos e reeleitos para enfrentamento da doen\u00e7a, nos munic\u00edpios brasileiros. As orienta\u00e7\u00f5es t\u00eam como foco a organiza\u00e7\u00e3o de a\u00e7\u00f5es de sa\u00fade, e de outros setores, a partir de uma abordagem populacional, territorial e comunit\u00e1ria.&nbsp;<\/p>\n\n\n\n<p>O pesquisador da Fiocruz, Carlos Machado, afirma que estamos num per\u00edodo de sincroniza\u00e7\u00e3o da pandemia, no qual os casos v\u00eam crescendo tanto nas capitais, quanto no interior. No entanto, a maior parte dos leitos de UTI Covid est\u00e3o nas capitais e nas grandes cidades, o que sobrecarrega a capacidade. Carlos Machado fala sobre a orienta\u00e7\u00e3o da Fiocruz para esse cen\u00e1rio.<\/p>\n\n\n\n<p>\u201c\u00c9 poss\u00edvel reduzir os casos com medidas preventivas, uso de m\u00e1scaras em larga escala e higieniza\u00e7\u00e3o das m\u00e3os \u2013 como campanhas. Mas tamb\u00e9m com medidas concretas para reduzir a circula\u00e7\u00e3o e aglomera\u00e7\u00e3o de pessoas em alguns lugares, principalmente nas \u00e1reas centrais da cidade, shoppings, festas. Isso vale tamb\u00e9m para o interior\u201d, detalha.<\/p>\n\n\n\n<p>A segunda recomenda\u00e7\u00e3o \u00e9 evitar que mais casos cheguem em uma situa\u00e7\u00e3o grave. O pesquisador aborda sobre import\u00e2ncia do trabalho da Aten\u00e7\u00e3o Prim\u00e1ria \u00e0 Sa\u00fade, nos munic\u00edpios.<\/p>\n\n\n\n<p>\u201cPor ser territorializada nos bairros, nas comunidades, a Aten\u00e7\u00e3o Prim\u00e1ria \u00e0 Sa\u00fade tem um papel importante na identifica\u00e7\u00e3o de casos ou de suspeitos; no isolamento desses casos e nas medidas da quarentena. Para que as pessoas tenham apoio \u2013 isoladas em casa \u2013 existem estrat\u00e9gias, por exemplo, do teleatendimento, do acompanhamento pelos agentes comunit\u00e1rios de sa\u00fade, para ver como est\u00e1 a situa\u00e7\u00e3o de sa\u00fade dessa pessoa, evitando que ela chegue a uma situa\u00e7\u00e3o mais cr\u00edtica\u201d, destaca.<\/p>\n\n\n\n<p>O terceiro ponto das orienta\u00e7\u00f5es \u00e9 o papel dos munic\u00edpios quanto ao armazenamento e aplica\u00e7\u00e3o da vacina contra a Covid-19.&nbsp;<\/p>\n\n\n\n<p>\u201cOs munic\u00edpios, na pr\u00e1tica, ser\u00e3o respons\u00e1veis pela vacina\u00e7\u00e3o. Ent\u00e3o: salas de vacina\u00e7\u00e3o, qualifica\u00e7\u00e3o e treinamento de pessoal, rede de frio para armazenamento da vacina, monitoramento de eventos adversos. Os munic\u00edpios t\u00eam que come\u00e7ar a pensar nisso j\u00e1\u201d, ressalta.<\/p>\n\n\n\n<p>Confira abaixo um trecho da entrevista com o pesquisador da Fiocruz, Carlos Machado.<\/p>\n\n\n\n<figure class=\"wp-block-image\"><img decoding=\"async\" src=\"\/\/s3-sa-east-1.amazonaws.com\/agencia-radio-arb\/3340\/content_orientacoes-fiocruz_%281%29.png\" alt=\"Arte - Brasil 61\" title=\"Arte: Brasil 61 - Fonte: Funda\u00e7\u00e3o Oswaldo Cruz\"\/><\/figure>\n\n\n\n<p>Entre as propostas tamb\u00e9m est\u00e1 a realiza\u00e7\u00e3o de campanhas de preven\u00e7\u00e3o de riscos, para conter o avan\u00e7o de casos e de \u00f3bitos. O pesquisador ressalta a import\u00e2ncia da divulga\u00e7\u00e3o das campanhas nos meios de comunica\u00e7\u00e3o, principalmente nas cidades do interior.&nbsp;<\/p>\n\n\n\n<p>\u201cPrimeiro: campanhas de educa\u00e7\u00e3o em sa\u00fade envolvendo os agentes comunit\u00e1rios e os agentes de endemia. Segundo: no interior, tem bicicleta e moto com som; na igreja pode colar cartazes com informa\u00e7\u00f5es. Campanhas atrav\u00e9s das r\u00e1dios e panfletos s\u00e3o poss\u00edveis e devem ser realizadas pelas prefeituras\u201d.<\/p>\n\n\n\n<p>O Boletim Observat\u00f3rio Covid-19, da Fiocruz, sinaliza o expressivo aumento no n\u00famero de casos e de \u00f3bitos, entre 22 de novembro e 5 de dezembro. No per\u00edodo, foram reportados 286.905 casos e 4.067 \u00f3bitos por Covid-19 \u2013 valores que, segundo os pesquisadores, se aproximam dos verificados em maio, quando teve in\u00edcio a pior fase da pandemia no Brasil.&nbsp;<\/p>\n\n\n\n<p>Segundo a Fiocruz, oito capitais apresentam taxas de ocupa\u00e7\u00e3o de leitos de UTI Covid-19, para adultos, acima de 80%: Macap\u00e1 (92,5%), Fortaleza (86,4%), Recife (83,3%), Vit\u00f3ria (84,9%), Rio de Janeiro (92%), Curitiba (92%), Florian\u00f3polis (90,4%) e Campo Grande (100%). Manaus e Salvador aparecem com taxas preocupantes, mas abaixo da zona de alerta cr\u00edtica, com 76% e 77%, respectivamente.&nbsp;<\/p>\n\n\n\n<figure class=\"wp-block-image\"><img decoding=\"async\" src=\"\/\/s3-sa-east-1.amazonaws.com\/agencia-radio-arb\/3339\/content_taxas-ocupacao-covid.png\" alt=\"Arte - Brasil 61\" title=\"Arte: Brasil 61 - Fonte: Boletim Observat\u00f3rio Covid19 Fiocruz\"\/><\/figure>\n\n\n\n<p><strong><a href=\"https:\/\/brasil61.com\/noticias\/fiocruz-lanca-sistema-para-rastrear-informacoes-cientificas-mundiais-sobre-o-novo-coronavirus-bras202960\">Fiocruz lan\u00e7a sistema para rastrear informa\u00e7\u00f5es cient\u00edficas mundiais sobre o novo coronav\u00edrus<\/a><\/strong><\/p>\n\n\n\n<p><strong><a href=\"https:\/\/brasil61.com\/noticias\/vacina-e-prioridade-zero-no-congresso-nacional-afirma-vice-lider-do-governo-na-camara-pind202353\">Vacina \u00e9 \u201cprioridade zero\u201d no Congresso Nacional, afirma vice-l\u00edder do governo na C\u00e2mara<\/a><\/strong><\/p>\n\n\n\n<p><strong><a href=\"https:\/\/brasil61.com\/noticias\/especial-covid-19-afinal-o-brasil-ja-esta-passando-pela-segunda-onda-da-doenca-bras202690\">Especial Covid-19: afinal, o Brasil j\u00e1 est\u00e1 passando pela segunda onda da doen\u00e7a?<\/a><\/strong><\/p>\n\n\n\n<p>O epidemiologista e professor da Universidade de Bras\u00edlia (UnB), Wildo Navegantes, recomenda o esfor\u00e7o dos prefeitos eleitos e reeleitos, para n\u00e3o enviar os pacientes com Covid-19 para as regi\u00f5es metropolitanas.<\/p>\n\n\n\n<p>\u201c\u00c9 interessante que o prefeito ou a prefeita, que agora entre, tenha clareza que n\u00e3o adianta simplesmente mandar pacientes mais graves para capital, mas fazer o esfor\u00e7o de regionalizar a aten\u00e7\u00e3o, com UTIs, equipamentos, testes. Toda a parte de exames complementares e de imagens s\u00e3o pactuadas com or\u00e7amentos municipais\u201d, explicou.<\/p>\n\n\n\n<p>O Boletim do Observat\u00f3rio Covid-19 da Fiocruz \u00e9 realizado por uma equipe multidisciplinar de pesquisadores, voltado para o estudo do novo coronav\u00edrus, em diferentes \u00e1reas. A pesquisa apresenta, quinzenalmente, um panorama geral do cen\u00e1rio epidemiol\u00f3gico da pandemia, com indicadores-chave, como taxa de ocupa\u00e7\u00e3o de leitos de UTI, hospitaliza\u00e7\u00e3o e \u00f3bitos, entre outros.<\/p>\n\n\n\n<figure class=\"wp-block-embed is-type-rich is-provider-incorporar-manipulador wp-block-embed-incorporar-manipulador wp-embed-aspect-16-9 wp-has-aspect-ratio\"><div class=\"wp-block-embed__wrapper\">\n<iframe loading=\"lazy\" title=\"Carlos Machado, Pesquisador do Observat\u00f3rio Fiocruz Covid 19\" width=\"640\" height=\"360\" src=\"https:\/\/www.youtube.com\/embed\/7Yx1k38ZgIQ?feature=oembed\" frameborder=\"0\" allow=\"accelerometer; autoplay; clipboard-write; encrypted-media; gyroscope; picture-in-picture; web-share\" referrerpolicy=\"strict-origin-when-cross-origin\" allowfullscreen><\/iframe>\n<\/div><\/figure>\n\n\n\n<p>Fonte: <a href=\"https:\/\/brasil61.com\/noticias\/boletim-da-fiocruz-traz-recomendacoes-as-novas-prefeituras-para-enfrentamento-da-covid-19-bras203045?email=bethdeoliveira@yahoo.com.br&amp;utm_source=newsletter&amp;utm_medium=newsletter&amp;utm_campaign=newsletter\" target=\"_blank\" rel=\"noreferrer noopener\">Brasil 61<\/a><\/p>\n","protected":false},"excerpt":{"rendered":"<p>Popula\u00e7\u00e3o espera que gestores eleitos e reeleitos saibam enfrentar os desafios do novo coronav\u00edrus A<\/p>\n","protected":false},"author":2,"featured_media":8402,"comment_status":"open","ping_status":"open","sticky":false,"template":"","format":"standard","meta":{"footnotes":""},"categories":[17],"tags":[],"class_list":["post-8400","post","type-post","status-publish","format-standard","has-post-thumbnail","hentry","category-outras-noticias"],"_links":{"self":[{"href":"https:\/\/tvc16.com\/portal\/wp-json\/wp\/v2\/posts\/8400","targetHints":{"allow":["GET"]}}],"collection":[{"href":"https:\/\/tvc16.com\/portal\/wp-json\/wp\/v2\/posts"}],"about":[{"href":"https:\/\/tvc16.com\/portal\/wp-json\/wp\/v2\/types\/post"}],"author":[{"embeddable":true,"href":"https:\/\/tvc16.com\/portal\/wp-json\/wp\/v2\/users\/2"}],"replies":[{"embeddable":true,"href":"https:\/\/tvc16.com\/portal\/wp-json\/wp\/v2\/comments?post=8400"}],"version-history":[{"count":1,"href":"https:\/\/tvc16.com\/portal\/wp-json\/wp\/v2\/posts\/8400\/revisions"}],"predecessor-version":[{"id":8403,"href":"https:\/\/tvc16.com\/portal\/wp-json\/wp\/v2\/posts\/8400\/revisions\/8403"}],"wp:featuredmedia":[{"embeddable":true,"href":"https:\/\/tvc16.com\/portal\/wp-json\/wp\/v2\/media\/8402"}],"wp:attachment":[{"href":"https:\/\/tvc16.com\/portal\/wp-json\/wp\/v2\/media?parent=8400"}],"wp:term":[{"taxonomy":"category","embeddable":true,"href":"https:\/\/tvc16.com\/portal\/wp-json\/wp\/v2\/categories?post=8400"},{"taxonomy":"post_tag","embeddable":true,"href":"https:\/\/tvc16.com\/portal\/wp-json\/wp\/v2\/tags?post=8400"}],"curies":[{"name":"wp","href":"https:\/\/api.w.org\/{rel}","templated":true}]}}