{"id":8412,"date":"2020-12-17T14:23:33","date_gmt":"2020-12-17T17:23:33","guid":{"rendered":"https:\/\/tvc16.com\/portal\/?p=8412"},"modified":"2020-12-18T09:52:47","modified_gmt":"2020-12-18T12:52:47","slug":"hospital-unimed-petropolis-aumento-do-numero-expressivo-de-casos-positivos-gerou-a-ocupacao-de-100-dos-leitos-de-internacao-em-uti-e-enfermaria-destinados-ao-tratamento-de-pacientes-suspeitos-ou-conf","status":"publish","type":"post","link":"https:\/\/tvc16.com\/portal\/2020\/12\/17\/hospital-unimed-petropolis-aumento-do-numero-expressivo-de-casos-positivos-gerou-a-ocupacao-de-100-dos-leitos-de-internacao-em-uti-e-enfermaria-destinados-ao-tratamento-de-pacientes-suspeitos-ou-conf\/","title":{"rendered":"Hospitais Unimed Petr\u00f3polis e SMH: aumento do n\u00famero expressivo de casos positivos gerou a ocupa\u00e7\u00e3o de 100% dos leitos de interna\u00e7\u00e3o em UTI e Enfermaria destinados ao tratamento de pacientes suspeitos ou confirmados de COVID-19"},"content":{"rendered":"\n<p>NOTA OFICIAL UNIMED PETR\u00d3POLIS<\/p>\n\n\n\n<p>Nos \u00faltimos 13 dias deste m\u00eas de dezembro, a Unimed Petr\u00f3polis registrou aumento expressivo de diagn\u00f3stico de casos positivos para Covid-19. O somat\u00f3rio dos casos saltou de 989 desde o in\u00edcio da pandemia, em 04 de dezembro, para 1.381 at\u00e9 a manh\u00e3 desta quinta-feira (17).<\/p>\n\n\n\n<p>O aumento do n\u00famero expressivo de casos positivos gerou a ocupa\u00e7\u00e3o de 100% dos leitos de interna\u00e7\u00e3o em UTI e Enfermaria destinados ao tratamento de pacientes suspeitos ou confirmados de COVID-19 do Hospital Unimed Petr\u00f3polis. Por conta disso, o presidente da Cooperativa M\u00e9dica, Rafael Gomes de Castro anunciou, em um pronunciamento nas redes sociais, que as cirurgias eletivas continuar\u00e3o suspensas neste final do ano de 2020, a ser reavaliado no in\u00edcio de 2021 conforme a situa\u00e7\u00e3o de alta dos casos.<\/p>\n\n\n\n<p>No \u00faltimo dia 09 de dezembro, a Unimed Petr\u00f3polis recebeu um mandado judicial do Estado do Rio de Janeiro do Cart\u00f3rio do Plant\u00e3o Judicial Capital do Rio de Janeiro para a interna\u00e7\u00e3o de um paciente que estava em uma das UPA\u2019s de Petr\u00f3polis, devido \u00e0 Covid-19. Em obedi\u00eancia ao poder judici\u00e1rio, al\u00e9m do nosso compromisso social e respeito institucional, o pedido foi acatado e o paciente segue internado na Unidade.<\/p>\n\n\n\n<p>Diante do relaxamento social, outra preocupa\u00e7\u00e3o \u00e9 com o per\u00edodo de festas de fim de ano que se aproxima. Por isso, a Unimed Petr\u00f3polis refor\u00e7a que todas as medidas de preven\u00e7\u00e3o devem continuar sendo seguidas \u00e0 risca pela popula\u00e7\u00e3o. Os casos de Covid-19 est\u00e3o subindo aceleradamente e por conta disso, a Dire\u00e7\u00e3o Executiva, ao lado do Conselho de Administra\u00e7\u00e3o e o Gabinete de Crise da institui\u00e7\u00e3o j\u00e1 se organizaram para amplia\u00e7\u00e3o de leitos de interna\u00e7\u00e3o de UTI dentro da pr\u00f3pria unidade utilizando salas do Centro Cir\u00fargico do Hospital.<\/p>\n\n\n\n<p>\u00c9 pensando na seguran\u00e7a e prote\u00e7\u00e3o de todos que a Unimed Petr\u00f3polis tem trabalhado na divulga\u00e7\u00e3o di\u00e1ria da campanha de preven\u00e7\u00e3o \u00e0 Covid-19. N\u00e3o deixem as medidas de lado. Mantenham os protocolos de seguran\u00e7a, cuide de voc\u00ea e de quem voc\u00ea ama.<\/p>\n\n\n\n<p><\/p>\n\n\n\n<p>Nota do Hospital  SMH<\/p>\n\n\n\n<p><em>\u201cO que acontece hoje no Estado do Rio de Janeiro e em Petr\u00f3polis \u00e9 um verdadeiro caos. A situa\u00e7\u00e3o \u00e9 extremamente mais grave do que a de maio e junho. N\u00e3o cabe discutir se foi problema de gest\u00e3o, seja de \u00f3rg\u00e3os de sa\u00fade federais, estaduais ou municipais. O fato \u00e9 que, infelizmente, \u00e9 muito mais comum que o \u00f3bito do paciente chegue mais r\u00e1pido do que a abertura de uma vaga para interna\u00e7\u00e3o. Nenhum paciente que precise ter\u00e1 vaga para interna\u00e7\u00e3o hoje [ quinta-feira]. N\u00e3o \u00e9 o caso de esperar provid\u00eancia de governo algum. \u00c9 usar o bom senso e se isolar. Parar de ir \u00e0 rua, parar de entrar em loja, parar de almo\u00e7ar em restaurante. Essa doen\u00e7a \u00e9 transmitida atrav\u00e9s de um talher contaminado. O da sua casa voc\u00ea sabe quem lavou, o do restaurante pode ter sido por um funcion\u00e1rio contaminado e que est\u00e1 assintom\u00e1tico. H\u00e1 semanas a cidade de Petr\u00f3polis devia estar em lockdown. Quanto antes isso acontecer, mais vidas ser\u00e3o salvas. A sa\u00edda \u00e9 a conscientiza\u00e7\u00e3o individual. N\u00e3o precisa esperar o \u00f3rg\u00e3o p\u00fablico decretar o \u2018fechamento\u2019, fa\u00e7a voc\u00ea mesmo. N\u00e3o saia de casa. Isso s\u00f3 n\u00e3o vale para quem trabalha em atividades essenciais, como os pr\u00f3prios hospitais, onde as pessoas s\u00e3o obrigadas a se expor aos riscos para salvar outras vidas. Estamos em colapso. Fa\u00e7amos todos a nossa parte\u201d.<\/em><\/p>\n","protected":false},"excerpt":{"rendered":"<p>NOTA OFICIAL UNIMED PETR\u00d3POLIS Nos \u00faltimos 13 dias deste m\u00eas de dezembro, a Unimed Petr\u00f3polis<\/p>\n","protected":false},"author":2,"featured_media":8415,"comment_status":"open","ping_status":"open","sticky":false,"template":"","format":"standard","meta":{"footnotes":""},"categories":[12],"tags":[],"class_list":["post-8412","post","type-post","status-publish","format-standard","has-post-thumbnail","hentry","category-cidade"],"_links":{"self":[{"href":"https:\/\/tvc16.com\/portal\/wp-json\/wp\/v2\/posts\/8412","targetHints":{"allow":["GET"]}}],"collection":[{"href":"https:\/\/tvc16.com\/portal\/wp-json\/wp\/v2\/posts"}],"about":[{"href":"https:\/\/tvc16.com\/portal\/wp-json\/wp\/v2\/types\/post"}],"author":[{"embeddable":true,"href":"https:\/\/tvc16.com\/portal\/wp-json\/wp\/v2\/users\/2"}],"replies":[{"embeddable":true,"href":"https:\/\/tvc16.com\/portal\/wp-json\/wp\/v2\/comments?post=8412"}],"version-history":[{"count":2,"href":"https:\/\/tvc16.com\/portal\/wp-json\/wp\/v2\/posts\/8412\/revisions"}],"predecessor-version":[{"id":8449,"href":"https:\/\/tvc16.com\/portal\/wp-json\/wp\/v2\/posts\/8412\/revisions\/8449"}],"wp:featuredmedia":[{"embeddable":true,"href":"https:\/\/tvc16.com\/portal\/wp-json\/wp\/v2\/media\/8415"}],"wp:attachment":[{"href":"https:\/\/tvc16.com\/portal\/wp-json\/wp\/v2\/media?parent=8412"}],"wp:term":[{"taxonomy":"category","embeddable":true,"href":"https:\/\/tvc16.com\/portal\/wp-json\/wp\/v2\/categories?post=8412"},{"taxonomy":"post_tag","embeddable":true,"href":"https:\/\/tvc16.com\/portal\/wp-json\/wp\/v2\/tags?post=8412"}],"curies":[{"name":"wp","href":"https:\/\/api.w.org\/{rel}","templated":true}]}}