{"id":8416,"date":"2020-12-17T16:55:27","date_gmt":"2020-12-17T19:55:27","guid":{"rendered":"https:\/\/tvc16.com\/portal\/?p=8416"},"modified":"2020-12-17T16:56:45","modified_gmt":"2020-12-17T19:56:45","slug":"tse-cassa-registros-de-prefeitos-eleitos-em-itatiaia-rj-e-juazeiro-do-piaui-pi","status":"publish","type":"post","link":"https:\/\/tvc16.com\/portal\/2020\/12\/17\/tse-cassa-registros-de-prefeitos-eleitos-em-itatiaia-rj-e-juazeiro-do-piaui-pi\/","title":{"rendered":"TSE cassa registros de prefeitos eleitos em Itatiaia (RJ) e Juazeiro do Piau\u00ed (PI)"},"content":{"rendered":"\n<p>Com a decis\u00e3o, ser\u00e3o convocadas novas elei\u00e7\u00f5es para a escolha dos dirigentes municipais em ambos os munic\u00edpios<\/p>\n\n\n\n<p>O Tribunal Superior Eleitoral (TSE) indeferiu o registro de candidatura de dois prefeitos eleitos. Em Itatiaia (RJ), Eduardo Guedes da Silva (PSC) foi configurado pelo terceiro mandato sucessivo, o que \u00e9 vedado pela legisla\u00e7\u00e3o. Em Juazeiro do Piau\u00ed (PI), Ant\u00f4nio Jos\u00e9 de Oliveira (PT), o prefeito eleito, foi condenado em processo por crime contra a Administra\u00e7\u00e3o P\u00fablica.\u00a0<\/p>\n\n\n\n<p>Com a decis\u00e3o ser\u00e3o convocadas novas elei\u00e7\u00f5es para a escolha dos dirigentes municipais em ambos os munic\u00edpios. O TSE tamb\u00e9m determinou que a partir de 1\u00ba de janeiro de 2021 os respectivos presidentes das c\u00e2maras municipais sejam convocados a assumir provisoriamente o comando do Executivo local, at\u00e9 que os novos dirigentes eleitos tomem posse.<\/p>\n\n\n\n<p>Fonte: <a href=\"https:\/\/brasil61.com\/noticias\/tse-cassa-registros-de-prefeitos-eleitos-itatiaia-rj-e-juazeiro-do-piaui-pi-bras203056?email=bethdeoliveira@yahoo.com.br&amp;utm_source=email_individual&amp;utm_medium=email_individual&amp;utm_campaign=email_individual\" target=\"_blank\" rel=\"noreferrer noopener\">Brasil 61<\/a><\/p>\n","protected":false},"excerpt":{"rendered":"<p>Com a decis\u00e3o, ser\u00e3o convocadas novas elei\u00e7\u00f5es para a escolha dos dirigentes municipais em ambos<\/p>\n","protected":false},"author":2,"featured_media":8417,"comment_status":"open","ping_status":"open","sticky":false,"template":"","format":"standard","meta":{"footnotes":""},"categories":[17],"tags":[],"class_list":["post-8416","post","type-post","status-publish","format-standard","has-post-thumbnail","hentry","category-outras-noticias"],"_links":{"self":[{"href":"https:\/\/tvc16.com\/portal\/wp-json\/wp\/v2\/posts\/8416","targetHints":{"allow":["GET"]}}],"collection":[{"href":"https:\/\/tvc16.com\/portal\/wp-json\/wp\/v2\/posts"}],"about":[{"href":"https:\/\/tvc16.com\/portal\/wp-json\/wp\/v2\/types\/post"}],"author":[{"embeddable":true,"href":"https:\/\/tvc16.com\/portal\/wp-json\/wp\/v2\/users\/2"}],"replies":[{"embeddable":true,"href":"https:\/\/tvc16.com\/portal\/wp-json\/wp\/v2\/comments?post=8416"}],"version-history":[{"count":2,"href":"https:\/\/tvc16.com\/portal\/wp-json\/wp\/v2\/posts\/8416\/revisions"}],"predecessor-version":[{"id":8419,"href":"https:\/\/tvc16.com\/portal\/wp-json\/wp\/v2\/posts\/8416\/revisions\/8419"}],"wp:featuredmedia":[{"embeddable":true,"href":"https:\/\/tvc16.com\/portal\/wp-json\/wp\/v2\/media\/8417"}],"wp:attachment":[{"href":"https:\/\/tvc16.com\/portal\/wp-json\/wp\/v2\/media?parent=8416"}],"wp:term":[{"taxonomy":"category","embeddable":true,"href":"https:\/\/tvc16.com\/portal\/wp-json\/wp\/v2\/categories?post=8416"},{"taxonomy":"post_tag","embeddable":true,"href":"https:\/\/tvc16.com\/portal\/wp-json\/wp\/v2\/tags?post=8416"}],"curies":[{"name":"wp","href":"https:\/\/api.w.org\/{rel}","templated":true}]}}