{"id":8420,"date":"2020-12-17T17:02:01","date_gmt":"2020-12-17T20:02:01","guid":{"rendered":"https:\/\/tvc16.com\/portal\/?p=8420"},"modified":"2020-12-17T17:02:06","modified_gmt":"2020-12-17T20:02:06","slug":"educacao-resultado-da-pre-matricula-interna-disponibilizada-no-site-da-prefeitura","status":"publish","type":"post","link":"https:\/\/tvc16.com\/portal\/2020\/12\/17\/educacao-resultado-da-pre-matricula-interna-disponibilizada-no-site-da-prefeitura\/","title":{"rendered":"Educa\u00e7\u00e3o: resultado da pr\u00e9-matr\u00edcula interna disponibilizada no site da prefeitura"},"content":{"rendered":"\n<p><em>Lista com os nomes dos alunos que j\u00e1 eram da rede e solicitaram transfer\u00eancia de matr\u00edcula<\/em><\/p>\n\n\n\n<p>A lista com os nomes dos alunos que j\u00e1 eram da rede municipal e solicitaram mudan\u00e7a de unidade escolar foi disponibilizada no site da prefeitura nessa quinta-feira (17\/12). Esse \u00e9 o resultado da Pr\u00e9-Matr\u00edcula interna. A Pr\u00e9-Matr\u00edcula para os alunos que ainda n\u00e3o s\u00e3o da rede municipal ser\u00e1 iniciada no dia 30 de dezembro, tamb\u00e9m em um link no site da prefeitura:&nbsp;<a rel=\"noreferrer noopener\" target=\"_blank\" href=\"http:\/\/www.petropolis.rj.gov.br\">www.petropolis.rj.gov.br<\/a><\/p>\n\n\n\n<p>\u201cAs escolas tamb\u00e9m entrar\u00e3o em contato com os pais e respons\u00e1veis. Mas, a disponibiliza\u00e7\u00e3o da lista no site da prefeitura permite aos pais consultar o resultado j\u00e1 nesse dia 17 de dezembro\u201d, explica a secret\u00e1ria de Educa\u00e7\u00e3o, Marcia Palma.<\/p>\n\n\n\n<p>Em alguns casos, ao lado do nome do aluno est\u00e1 descrita a informa\u00e7\u00e3o de que \u00e9 necess\u00e1rio entrar em contato com o Departamento de Matr\u00edcula. Isso significa que a matr\u00edcula na unidade desejada ainda n\u00e3o foi efetuada. Ao entrar em contato com a Secretaria de Educa\u00e7\u00e3o, um agendamento de atendimento ser\u00e1 feito para a resolu\u00e7\u00e3o da efetiva\u00e7\u00e3o da matr\u00edcula.<\/p>\n\n\n\n<p><strong>Alunos que desejam ingressar na rede devem fazer a Pr\u00e9-Matr\u00edcula a partir do dia 30<\/strong><\/p>\n\n\n\n<p>Importante destacar que os pais ou respons\u00e1veis por crian\u00e7as e adolescentes em idade escolar e que desejam fazer matr\u00edcula na rede municipal de Educa\u00e7\u00e3o devem ficar atentos ao prazo da pr\u00e9-matr\u00edcula que vai ocorrer do dia 30 de dezembro de 2020 at\u00e9 o dia 15 de janeiro de 2021. Um link ser\u00e1 disponibilizado no site da prefeitura:&nbsp;<a rel=\"noreferrer noopener\" target=\"_blank\" href=\"http:\/\/www.petropolis.rj.gov.br\/\">www.petropolis.rj.gov.br<\/a>.<\/p>\n\n\n\n<p>Durante a pr\u00e9-matr\u00edcula ser\u00e3o cadastrados os pedidos de vaga para a pr\u00e9-escola &#8211; 4 e 5 anos &#8211; atendimento parcial nas escolas e integral nas unidades que oferecem ensino integral. Ensino Fundamental (1\u00ba ao 9\u00ba ano), bem como os que desejam retornar \u00e0 vida escolar, na modalidade EJA \u2013 Educa\u00e7\u00e3o de Jovens e Adultos.<\/p>\n\n\n\n<p>O resultado da pr\u00e9-matr\u00edcula ser\u00e1 divulgado no site da Prefeitura, no dia 21 de janeiro e nas unidades escolares da Rede Municipal de Ensino. Ap\u00f3s a divulga\u00e7\u00e3o do resultado, os respons\u00e1veis legais ou o candidato maior de idade dever\u00e3o entrar em contato com a Secretaria Municipal de Educa\u00e7\u00e3o pelos&nbsp; telefones (24) 22468683\/(24) 22468685 ou pelo e-mail&nbsp;<a rel=\"noreferrer noopener\" target=\"_blank\" href=\"mailto:seematriculaadistancia@gmail.com\">seematriculaadistancia@gmail.com<\/a>&nbsp;no prazo de 3 (tr\u00eas) dias \u00fateis, para agendar o atendimento e efetivar a matr\u00edcula.&nbsp; Importante: ao entrar em contato com o setor de matr\u00edcula, haver\u00e1 a possibilidade de realizar a matr\u00edcula por e-mail, n\u00e3o sendo necess\u00e1rio o comparecimento ao setor.<\/p>\n\n\n\n<p>Os pais que desejam vaga nos CEIs \u2013 Centros de Educa\u00e7\u00e3o Infantil &#8211; etapa Creche (0 a 3 anos) e Pr\u00e9-escola (4 e 5 anos), dever\u00e3o procurar a Ger\u00eancia de Atendimento ao Educando\/Setor de Matr\u00edculas da Secretaria de Educa\u00e7\u00e3o para pleitear uma vaga na unidade escolar desejada e realizar o cadastro \u2013 cadastro para fila de espera. Importante salientar que, no caso dos alunos que tem 4 e 5 anos, h\u00e1 vagas nas escolas que oferecem educa\u00e7\u00e3o infantil (per\u00edodo parcial e integral no caso das escolas com atendimento integral que atendem esse p\u00fablico).<\/p>\n","protected":false},"excerpt":{"rendered":"<p>Lista com os nomes dos alunos que j\u00e1 eram da rede e solicitaram transfer\u00eancia de<\/p>\n","protected":false},"author":2,"featured_media":8421,"comment_status":"open","ping_status":"open","sticky":false,"template":"","format":"standard","meta":{"footnotes":""},"categories":[12],"tags":[],"class_list":["post-8420","post","type-post","status-publish","format-standard","has-post-thumbnail","hentry","category-cidade"],"_links":{"self":[{"href":"https:\/\/tvc16.com\/portal\/wp-json\/wp\/v2\/posts\/8420","targetHints":{"allow":["GET"]}}],"collection":[{"href":"https:\/\/tvc16.com\/portal\/wp-json\/wp\/v2\/posts"}],"about":[{"href":"https:\/\/tvc16.com\/portal\/wp-json\/wp\/v2\/types\/post"}],"author":[{"embeddable":true,"href":"https:\/\/tvc16.com\/portal\/wp-json\/wp\/v2\/users\/2"}],"replies":[{"embeddable":true,"href":"https:\/\/tvc16.com\/portal\/wp-json\/wp\/v2\/comments?post=8420"}],"version-history":[{"count":1,"href":"https:\/\/tvc16.com\/portal\/wp-json\/wp\/v2\/posts\/8420\/revisions"}],"predecessor-version":[{"id":8422,"href":"https:\/\/tvc16.com\/portal\/wp-json\/wp\/v2\/posts\/8420\/revisions\/8422"}],"wp:featuredmedia":[{"embeddable":true,"href":"https:\/\/tvc16.com\/portal\/wp-json\/wp\/v2\/media\/8421"}],"wp:attachment":[{"href":"https:\/\/tvc16.com\/portal\/wp-json\/wp\/v2\/media?parent=8420"}],"wp:term":[{"taxonomy":"category","embeddable":true,"href":"https:\/\/tvc16.com\/portal\/wp-json\/wp\/v2\/categories?post=8420"},{"taxonomy":"post_tag","embeddable":true,"href":"https:\/\/tvc16.com\/portal\/wp-json\/wp\/v2\/tags?post=8420"}],"curies":[{"name":"wp","href":"https:\/\/api.w.org\/{rel}","templated":true}]}}