{"id":8426,"date":"2020-12-17T19:17:10","date_gmt":"2020-12-17T22:17:10","guid":{"rendered":"https:\/\/tvc16.com\/portal\/?p=8426"},"modified":"2020-12-17T19:18:28","modified_gmt":"2020-12-17T22:18:28","slug":"camara-municipal-de-petropolis-cancela-solenidades-por-conta-da-pandemia","status":"publish","type":"post","link":"https:\/\/tvc16.com\/portal\/2020\/12\/17\/camara-municipal-de-petropolis-cancela-solenidades-por-conta-da-pandemia\/","title":{"rendered":"C\u00e2mara Municipal de Petr\u00f3polis cancela solenidades por conta da pandemia"},"content":{"rendered":"\n<p><\/p>\n\n\n\n<p>Na tarde desta quinta-feira (17), por decis\u00e3o da Mesa Diretora da C\u00e2mara Municipal de Petr\u00f3polis, em virtude do aumento do n\u00famero de casos de Covid-19 na Cidade, foram cancelados os eventos de entrega dos T\u00edtulos de Cidadania Petropolitana 2020, que haviam sido agendados para os dias 21, 22 e 23 de dezembro, assim como foi confirmada a n\u00e3o realiza\u00e7\u00e3o da solenidade de diploma\u00e7\u00e3o dos eleitos no \u00faltimo pleito (vereadores, prefeito e vice-prefeito), evento que aconteceria amanh\u00e3 (18) no plen\u00e1rio do Pal\u00e1cio Amarelo.<\/p>\n\n\n\n<p>Este \u00faltimo evento, de responsabilidade do Tribunal Regional Eleitoral (TRE-RJ), j\u00e1 havia sido cancelado na \u00faltima ter\u00e7a (15). A entrega dos diplomas ser\u00e1 realizada na sede do TRE, na Avenida Ipiranga 545, nesta sexta-feira, mas de uma maneira diferente: cada candidato, at\u00e9 o terceiro suplente, dever\u00e1 comparecer ao cart\u00f3rio da 29\u00aa Zona Eleitoral, das 16h \u00e0s 19h, para pegar o seu diploma separadamente. Outra op\u00e7\u00e3o disponibilizada pelo Tribunal \u00e9 o agendamento por e-mail para recebimento do diploma a partir de 7 de janeiro de 2021, tamb\u00e9m na sede do TRE-RJ em Petr\u00f3polis.<\/p>\n\n\n\n<p>\u201cO momento \u00e9 de unir for\u00e7as para superar mais esse momento dif\u00edcil. A taxa de transmiss\u00e3o vem aumentando muito na cidade, e n\u00f3s precisamos dar o exemplo, tomando todas as precau\u00e7\u00f5es necess\u00e1rias para preservar a sa\u00fade e a vida de todos, vereadores, servidores e convidados\u201d, disse o presidente da C\u00e2mara, vereador Hingo Hammes (DEM).<\/p>\n\n\n\n<figure class=\"wp-block-image size-large\"><img loading=\"lazy\" decoding=\"async\" width=\"1024\" height=\"576\" src=\"https:\/\/tvc16.com\/portal\/wp-content\/uploads\/2020\/12\/IMG-20201117-WA0128-1024x576.jpg\" alt=\"\" class=\"wp-image-8427\" srcset=\"https:\/\/tvc16.com\/portal\/wp-content\/uploads\/2020\/12\/IMG-20201117-WA0128-1024x576.jpg 1024w, https:\/\/tvc16.com\/portal\/wp-content\/uploads\/2020\/12\/IMG-20201117-WA0128-300x169.jpg 300w, https:\/\/tvc16.com\/portal\/wp-content\/uploads\/2020\/12\/IMG-20201117-WA0128-768x432.jpg 768w, https:\/\/tvc16.com\/portal\/wp-content\/uploads\/2020\/12\/IMG-20201117-WA0128.jpg 1280w\" sizes=\"auto, (max-width: 1024px) 100vw, 1024px\" \/><figcaption>Hingo hammes &#8211; presidente da C\u00e2mara Municipal de Petr\u00f3polis<\/figcaption><\/figure>\n\n\n\n<p>A entrega dos T\u00edtulos de Cidadania e Medalha Koeler, evento tradicional da C\u00e2mara Municipal em parceria com o Instituto Hist\u00f3rico de Petr\u00f3polis (IHP), aconteceria inicialmente no dia 16 de mar\u00e7o passado, mas o evento foi cancelado \u00e0s v\u00e9speras de sua realiza\u00e7\u00e3o em fun\u00e7\u00e3o da explos\u00e3o de casos de Covid no pa\u00eds naquele momento. Recentemente, a C\u00e2mara havia reagendado o evento para este m\u00eas, mas como o aumento da taxa de transmiss\u00e3o na cidade, a solenidade foi novamente cancelada.<\/p>\n","protected":false},"excerpt":{"rendered":"<p>Na tarde desta quinta-feira (17), por decis\u00e3o da Mesa Diretora da C\u00e2mara Municipal de Petr\u00f3polis,<\/p>\n","protected":false},"author":2,"featured_media":8430,"comment_status":"open","ping_status":"open","sticky":false,"template":"","format":"standard","meta":{"footnotes":""},"categories":[12],"tags":[],"class_list":["post-8426","post","type-post","status-publish","format-standard","has-post-thumbnail","hentry","category-cidade"],"_links":{"self":[{"href":"https:\/\/tvc16.com\/portal\/wp-json\/wp\/v2\/posts\/8426","targetHints":{"allow":["GET"]}}],"collection":[{"href":"https:\/\/tvc16.com\/portal\/wp-json\/wp\/v2\/posts"}],"about":[{"href":"https:\/\/tvc16.com\/portal\/wp-json\/wp\/v2\/types\/post"}],"author":[{"embeddable":true,"href":"https:\/\/tvc16.com\/portal\/wp-json\/wp\/v2\/users\/2"}],"replies":[{"embeddable":true,"href":"https:\/\/tvc16.com\/portal\/wp-json\/wp\/v2\/comments?post=8426"}],"version-history":[{"count":1,"href":"https:\/\/tvc16.com\/portal\/wp-json\/wp\/v2\/posts\/8426\/revisions"}],"predecessor-version":[{"id":8429,"href":"https:\/\/tvc16.com\/portal\/wp-json\/wp\/v2\/posts\/8426\/revisions\/8429"}],"wp:featuredmedia":[{"embeddable":true,"href":"https:\/\/tvc16.com\/portal\/wp-json\/wp\/v2\/media\/8430"}],"wp:attachment":[{"href":"https:\/\/tvc16.com\/portal\/wp-json\/wp\/v2\/media?parent=8426"}],"wp:term":[{"taxonomy":"category","embeddable":true,"href":"https:\/\/tvc16.com\/portal\/wp-json\/wp\/v2\/categories?post=8426"},{"taxonomy":"post_tag","embeddable":true,"href":"https:\/\/tvc16.com\/portal\/wp-json\/wp\/v2\/tags?post=8426"}],"curies":[{"name":"wp","href":"https:\/\/api.w.org\/{rel}","templated":true}]}}