{"id":8431,"date":"2020-12-17T19:24:47","date_gmt":"2020-12-17T22:24:47","guid":{"rendered":"https:\/\/tvc16.com\/portal\/?p=8431"},"modified":"2020-12-17T19:24:51","modified_gmt":"2020-12-17T22:24:51","slug":"prefeito-bernardo-rossi-e-vice-prefeito-baninho-vao-a-sao-paulo-negociar-intencao-de-compra-de-vacinas-da-covid-19","status":"publish","type":"post","link":"https:\/\/tvc16.com\/portal\/2020\/12\/17\/prefeito-bernardo-rossi-e-vice-prefeito-baninho-vao-a-sao-paulo-negociar-intencao-de-compra-de-vacinas-da-covid-19\/","title":{"rendered":"Prefeito Bernardo Rossi e vice-prefeito Baninho v\u00e3o a S\u00e3o Paulo negociar inten\u00e7\u00e3o de compra de vacinas da COVID-19"},"content":{"rendered":"\n<p><em>Reuni\u00e3o, realizada no Instituto Butantan, pretende viabilizar mais 200 mil doses para Petr\u00f3polis. Prefeito busca solu\u00e7\u00f5es r\u00e1pidas com o objetivo de imunizar todos os petropolitanos<\/em><\/p>\n\n\n\n<p>O prefeito Bernardo Rossi e o vice-prefeito Baninho estiveram, nesta quinta-feira (17), no Instituto Butantan, em S\u00e3o Paulo, para uma reuni\u00e3o de entendimento entre o instituto e a prefeitura de Petr\u00f3polis visando facilitar a negocia\u00e7\u00e3o de 200 mil doses da vacina para o munic\u00edpio. Na reuni\u00e3o, o prefeito assinou a inten\u00e7\u00e3o de compra das vacinas e deixou claro que o objetivo \u00e9 aumentar a cobertura relativa \u00e0 quantidade de doses e imunizar toda a popula\u00e7\u00e3o. Na \u00faltima semana, a prefeitura j\u00e1 havia enviado um of\u00edcio ao Governo Federal pedindo prioridade no envio de vacinas.<\/p>\n\n\n\n<figure class=\"wp-block-image size-large\"><img loading=\"lazy\" decoding=\"async\" width=\"1024\" height=\"768\" src=\"https:\/\/tvc16.com\/portal\/wp-content\/uploads\/2020\/12\/WhatsApp-Image-2020-12-17-at-15.28.13-2-1024x768.jpeg\" alt=\"\" class=\"wp-image-8432\" srcset=\"https:\/\/tvc16.com\/portal\/wp-content\/uploads\/2020\/12\/WhatsApp-Image-2020-12-17-at-15.28.13-2-1024x768.jpeg 1024w, https:\/\/tvc16.com\/portal\/wp-content\/uploads\/2020\/12\/WhatsApp-Image-2020-12-17-at-15.28.13-2-300x225.jpeg 300w, https:\/\/tvc16.com\/portal\/wp-content\/uploads\/2020\/12\/WhatsApp-Image-2020-12-17-at-15.28.13-2-768x576.jpeg 768w, https:\/\/tvc16.com\/portal\/wp-content\/uploads\/2020\/12\/WhatsApp-Image-2020-12-17-at-15.28.13-2-200x150.jpeg 200w, https:\/\/tvc16.com\/portal\/wp-content\/uploads\/2020\/12\/WhatsApp-Image-2020-12-17-at-15.28.13-2.jpeg 1280w\" sizes=\"auto, (max-width: 1024px) 100vw, 1024px\" \/><figcaption>Reuni\u00e3o no Instituto Butantan &#8211; S\u00e3o Paulo<\/figcaption><\/figure>\n\n\n\n<p>\u201cFomos muito bem recebidos no Instituto Butantan e sa\u00edmos de S\u00e3o Paulo com uma boa not\u00edcia. Assinamos a inten\u00e7\u00e3o de compra das doses da vacina e estreitamos os la\u00e7os entre o munic\u00edpio e uma das mais importantes institui\u00e7\u00f5es de sa\u00fade do mundo. Com muita responsabilidade tenho a certeza de que Petr\u00f3polis vai sair da pandemia fortalecida. Mais uma vez, sa\u00edmos na frente no combate \u00e0 pandemia\u201d, afirmou o prefeito.<\/p>\n\n\n\n<figure class=\"wp-block-image size-large\"><img loading=\"lazy\" decoding=\"async\" width=\"1024\" height=\"768\" src=\"https:\/\/tvc16.com\/portal\/wp-content\/uploads\/2020\/12\/WhatsApp-Image-2020-12-17-at-15.28.21-1-1024x768.jpeg\" alt=\"\" class=\"wp-image-8433\" srcset=\"https:\/\/tvc16.com\/portal\/wp-content\/uploads\/2020\/12\/WhatsApp-Image-2020-12-17-at-15.28.21-1-1024x768.jpeg 1024w, https:\/\/tvc16.com\/portal\/wp-content\/uploads\/2020\/12\/WhatsApp-Image-2020-12-17-at-15.28.21-1-300x225.jpeg 300w, https:\/\/tvc16.com\/portal\/wp-content\/uploads\/2020\/12\/WhatsApp-Image-2020-12-17-at-15.28.21-1-768x576.jpeg 768w, https:\/\/tvc16.com\/portal\/wp-content\/uploads\/2020\/12\/WhatsApp-Image-2020-12-17-at-15.28.21-1-200x150.jpeg 200w, https:\/\/tvc16.com\/portal\/wp-content\/uploads\/2020\/12\/WhatsApp-Image-2020-12-17-at-15.28.21-1.jpeg 1280w\" sizes=\"auto, (max-width: 1024px) 100vw, 1024px\" \/><figcaption>Estiveram presentes na reuni\u00e3o a secret\u00e1ria de sa\u00fade do munic\u00edpio, Fab\u00edola Heck, a diretora do N\u00facleo de Epidemiologia de Petr\u00f3polis, Elisabeth Wildberger, o m\u00e9dico infectologista Jos\u00e9 Henrique Castrioto e o secret\u00e1rio de administra\u00e7\u00e3o e recursos humanos, Marcus Von Seehausen.<\/figcaption><\/figure>\n\n\n\n<p><\/p>\n\n\n\n<p>\u201cAgradecemos em nome do Instituto Butantan pelo interesse de Petr\u00f3polis na aquisi\u00e7\u00e3o das vacinas contra a COVID-19. Ficamos felizes ao percebermos a postura institucional da cidade e da responsabilidade da prefeitura com sua popula\u00e7\u00e3o\u201d, afirmou o Diretor de Estrat\u00e9gia Institucional do Instituto Butantan, Raul Machado Neto.<\/p>\n\n\n\n<p>Recentemente, o Instituto Butantan firmou parceria com o laborat\u00f3rio Sinovac Biotech para o desenvolvimento da vacina chamada de CoronaVac. O Butantan j\u00e1 come\u00e7ou a produzir a vacina e, de acordo com estimativas do instituto, a f\u00e1brica dever\u00e1 ter, gradativamente, at\u00e9 1 milh\u00e3o de doses por dia. O imunizante tamb\u00e9m foi aprovado pela Ag\u00eancia Nacional de Vigil\u00e2ncia Sanit\u00e1ria (Anvisa) para ser usado no Brasil. A expectativa \u00e9 de que os resultados da fase 3, e a efic\u00e1cia da vacina, sejam divulgados j\u00e1 na pr\u00f3xima semana.<\/p>\n\n\n\n<p><\/p>\n","protected":false},"excerpt":{"rendered":"<p>Reuni\u00e3o, realizada no Instituto Butantan, pretende viabilizar mais 200 mil doses para Petr\u00f3polis. Prefeito busca<\/p>\n","protected":false},"author":2,"featured_media":8434,"comment_status":"open","ping_status":"open","sticky":false,"template":"","format":"standard","meta":{"footnotes":""},"categories":[12],"tags":[],"class_list":["post-8431","post","type-post","status-publish","format-standard","has-post-thumbnail","hentry","category-cidade"],"_links":{"self":[{"href":"https:\/\/tvc16.com\/portal\/wp-json\/wp\/v2\/posts\/8431","targetHints":{"allow":["GET"]}}],"collection":[{"href":"https:\/\/tvc16.com\/portal\/wp-json\/wp\/v2\/posts"}],"about":[{"href":"https:\/\/tvc16.com\/portal\/wp-json\/wp\/v2\/types\/post"}],"author":[{"embeddable":true,"href":"https:\/\/tvc16.com\/portal\/wp-json\/wp\/v2\/users\/2"}],"replies":[{"embeddable":true,"href":"https:\/\/tvc16.com\/portal\/wp-json\/wp\/v2\/comments?post=8431"}],"version-history":[{"count":1,"href":"https:\/\/tvc16.com\/portal\/wp-json\/wp\/v2\/posts\/8431\/revisions"}],"predecessor-version":[{"id":8435,"href":"https:\/\/tvc16.com\/portal\/wp-json\/wp\/v2\/posts\/8431\/revisions\/8435"}],"wp:featuredmedia":[{"embeddable":true,"href":"https:\/\/tvc16.com\/portal\/wp-json\/wp\/v2\/media\/8434"}],"wp:attachment":[{"href":"https:\/\/tvc16.com\/portal\/wp-json\/wp\/v2\/media?parent=8431"}],"wp:term":[{"taxonomy":"category","embeddable":true,"href":"https:\/\/tvc16.com\/portal\/wp-json\/wp\/v2\/categories?post=8431"},{"taxonomy":"post_tag","embeddable":true,"href":"https:\/\/tvc16.com\/portal\/wp-json\/wp\/v2\/tags?post=8431"}],"curies":[{"name":"wp","href":"https:\/\/api.w.org\/{rel}","templated":true}]}}