{"id":8441,"date":"2020-12-18T09:23:54","date_gmt":"2020-12-18T12:23:54","guid":{"rendered":"https:\/\/tvc16.com\/portal\/?p=8441"},"modified":"2020-12-18T09:33:15","modified_gmt":"2020-12-18T12:33:15","slug":"por-conta-do-aumento-da-contaminacao-pela-covid-19-justica-determina-fechamento-imediato-de-bares-e-templos-em-petropolis","status":"publish","type":"post","link":"https:\/\/tvc16.com\/portal\/2020\/12\/18\/por-conta-do-aumento-da-contaminacao-pela-covid-19-justica-determina-fechamento-imediato-de-bares-e-templos-em-petropolis\/","title":{"rendered":"Por conta do aumento da contamina\u00e7\u00e3o pela Covid-19, Justi\u00e7a determina fechamento imediato de bares e templos em Petr\u00f3polis"},"content":{"rendered":"\n<p>Foto de arquivo: opera\u00e7\u00e3o Choque de Ordem<\/p>\n\n\n\n<p>A decis\u00e3o que atende pedido dos Minist\u00e9rios P\u00fablicos Federal e Estadual, saiu logo ap\u00f3s Unimed e SMH (hospitais particulares) declararem colapso tempor\u00e1rio.<\/p>\n\n\n\n<p>A Justi\u00e7a por meio da 2a Vara Federal de Petr\u00f3polis determinou o fechamento imediato de bares e cong\u00eaneres, e tamb\u00e9m de templos religiosos em todo o munic\u00edpio de Petr\u00f3polis.<\/p>\n\n\n\n<p>A decis\u00e3o &nbsp;deve ser cumprida e fiscalizada pela Prefeitura e atende, em parte, aos pedidos apresentados em duas peti\u00e7\u00f5es protocoladas pelos Minist\u00e9rios P\u00fablicos Federal e Estadual nos \u00faltimos dias. Os pedidos foram apresentados \u00e0 Justi\u00e7a&nbsp; pela procuradora da Rep\u00fablica Vanessa Seguezzi e pela promotora de Justi\u00e7a Vanessa Katz &nbsp;frente ao agravamento dos casos de Covid-19 na Cidade.<\/p>\n\n\n\n<p><\/p>\n\n\n\n<p><\/p>\n","protected":false},"excerpt":{"rendered":"<p>Foto de arquivo: opera\u00e7\u00e3o Choque de Ordem A decis\u00e3o que atende pedido dos Minist\u00e9rios P\u00fablicos<\/p>\n","protected":false},"author":2,"featured_media":8442,"comment_status":"open","ping_status":"open","sticky":false,"template":"","format":"standard","meta":{"footnotes":""},"categories":[12],"tags":[],"class_list":["post-8441","post","type-post","status-publish","format-standard","has-post-thumbnail","hentry","category-cidade"],"_links":{"self":[{"href":"https:\/\/tvc16.com\/portal\/wp-json\/wp\/v2\/posts\/8441","targetHints":{"allow":["GET"]}}],"collection":[{"href":"https:\/\/tvc16.com\/portal\/wp-json\/wp\/v2\/posts"}],"about":[{"href":"https:\/\/tvc16.com\/portal\/wp-json\/wp\/v2\/types\/post"}],"author":[{"embeddable":true,"href":"https:\/\/tvc16.com\/portal\/wp-json\/wp\/v2\/users\/2"}],"replies":[{"embeddable":true,"href":"https:\/\/tvc16.com\/portal\/wp-json\/wp\/v2\/comments?post=8441"}],"version-history":[{"count":4,"href":"https:\/\/tvc16.com\/portal\/wp-json\/wp\/v2\/posts\/8441\/revisions"}],"predecessor-version":[{"id":8447,"href":"https:\/\/tvc16.com\/portal\/wp-json\/wp\/v2\/posts\/8441\/revisions\/8447"}],"wp:featuredmedia":[{"embeddable":true,"href":"https:\/\/tvc16.com\/portal\/wp-json\/wp\/v2\/media\/8442"}],"wp:attachment":[{"href":"https:\/\/tvc16.com\/portal\/wp-json\/wp\/v2\/media?parent=8441"}],"wp:term":[{"taxonomy":"category","embeddable":true,"href":"https:\/\/tvc16.com\/portal\/wp-json\/wp\/v2\/categories?post=8441"},{"taxonomy":"post_tag","embeddable":true,"href":"https:\/\/tvc16.com\/portal\/wp-json\/wp\/v2\/tags?post=8441"}],"curies":[{"name":"wp","href":"https:\/\/api.w.org\/{rel}","templated":true}]}}