{"id":8450,"date":"2020-12-18T10:08:17","date_gmt":"2020-12-18T13:08:17","guid":{"rendered":"https:\/\/tvc16.com\/portal\/?p=8450"},"modified":"2020-12-18T10:08:19","modified_gmt":"2020-12-18T13:08:19","slug":"dezembro-laranja-cmp-aprova-projeto-de-lei-e-institui-oficialmente-a-data-em-petropolis","status":"publish","type":"post","link":"https:\/\/tvc16.com\/portal\/2020\/12\/18\/dezembro-laranja-cmp-aprova-projeto-de-lei-e-institui-oficialmente-a-data-em-petropolis\/","title":{"rendered":"Dezembro Laranja: CMP aprova projeto de lei e institui oficialmente a data em Petr\u00f3polis"},"content":{"rendered":"\n<p>A C\u00e2mara Municipal de Petr\u00f3polis aprovou nesta quinta-feira (17\/), em segunda discuss\u00e3o, o projeto de lei 5585\/2019, de autoria do vereador Maurinho Branco (DEM) que institui no calend\u00e1rio oficial de eventos do munic\u00edpio a campanha \u201cDezembro Laranja\u201d, dedicada \u00e0 realiza\u00e7\u00e3o de a\u00e7\u00f5es de conscientiza\u00e7\u00e3o e preven\u00e7\u00e3o ao c\u00e2ncer da pele. A proposta foi aprovada com 10 votos favor\u00e1veis.<\/p>\n\n\n\n<p>As comemora\u00e7\u00f5es alusivas ao &#8220;Dezembro Laranja&#8221; dever\u00e3o ocorrer, anualmente, no m\u00eas de dezembro com a promo\u00e7\u00e3o de a\u00e7\u00f5es educativas e esclarecedoras conduzidas pela administra\u00e7\u00e3o municipal, em coopera\u00e7\u00e3o com entidades civis e organiza\u00e7\u00f5es profissionais e cient\u00edficas.<\/p>\n\n\n\n<p>Segundo o vereador autor, entre os objetivos da proposta est\u00e3o \u201co de esclarecer \u00e0 sociedade civil sobre a import\u00e2ncia e necessidade de preven\u00e7\u00e3o do c\u00e2ncer de pele mediante a realiza\u00e7\u00e3o de exames, visando o diagn\u00f3stico precoce e a realiza\u00e7\u00e3o imediata do respectivo tratamento, bem como a conscientiza\u00e7\u00e3o da potencializa\u00e7\u00e3o da cura deste tipo de c\u00e2ncer quando diagnosticado em tempo\u201d.<\/p>\n\n\n\n<p>O projeto se prop\u00f5e tamb\u00e9m a ampliar e facilitar o acesso \u00e0 realiza\u00e7\u00e3o do exame, al\u00e9m de divulgar os direitos assegurados em n\u00edvel federal e estadual acerca das a\u00e7\u00f5es de sa\u00fade que possibilitem a preven\u00e7\u00e3o, a detec\u00e7\u00e3o, o tratamento e o tipo do c\u00e2ncer, no \u00e2mbito do Sistema \u00danico de Sa\u00fade (SUS).<\/p>\n\n\n\n<p>O c\u00e2ncer da pele responde por 33% de todos os diagn\u00f3sticos desta doen\u00e7a no Brasil, sendo que o Instituto Nacional do C\u00e2ncer (INCA) registra, a cada ano, cerca de 180 mil novos casos. O tipo mais comum, o c\u00e2ncer da pele n\u00e3o melanoma, tem letalidade baixa, por\u00e9m, seus n\u00fameros s\u00e3o muito altos.<\/p>\n\n\n\n<p>\u201cA inten\u00e7\u00e3o do projeto \u00e9, \u00e0 semelhan\u00e7a do que j\u00e1 acontece com o Outubro Rosa e com o Novembro Azul, ter um m\u00eas de conscientiza\u00e7\u00e3o sobre o c\u00e2ncer da pele\u201d, finaliza Maurinho Branco.<\/p>\n","protected":false},"excerpt":{"rendered":"<p>A C\u00e2mara Municipal de Petr\u00f3polis aprovou nesta quinta-feira (17\/), em segunda discuss\u00e3o, o projeto de<\/p>\n","protected":false},"author":2,"featured_media":8451,"comment_status":"open","ping_status":"open","sticky":false,"template":"","format":"standard","meta":{"footnotes":""},"categories":[12],"tags":[],"class_list":["post-8450","post","type-post","status-publish","format-standard","has-post-thumbnail","hentry","category-cidade"],"_links":{"self":[{"href":"https:\/\/tvc16.com\/portal\/wp-json\/wp\/v2\/posts\/8450","targetHints":{"allow":["GET"]}}],"collection":[{"href":"https:\/\/tvc16.com\/portal\/wp-json\/wp\/v2\/posts"}],"about":[{"href":"https:\/\/tvc16.com\/portal\/wp-json\/wp\/v2\/types\/post"}],"author":[{"embeddable":true,"href":"https:\/\/tvc16.com\/portal\/wp-json\/wp\/v2\/users\/2"}],"replies":[{"embeddable":true,"href":"https:\/\/tvc16.com\/portal\/wp-json\/wp\/v2\/comments?post=8450"}],"version-history":[{"count":1,"href":"https:\/\/tvc16.com\/portal\/wp-json\/wp\/v2\/posts\/8450\/revisions"}],"predecessor-version":[{"id":8452,"href":"https:\/\/tvc16.com\/portal\/wp-json\/wp\/v2\/posts\/8450\/revisions\/8452"}],"wp:featuredmedia":[{"embeddable":true,"href":"https:\/\/tvc16.com\/portal\/wp-json\/wp\/v2\/media\/8451"}],"wp:attachment":[{"href":"https:\/\/tvc16.com\/portal\/wp-json\/wp\/v2\/media?parent=8450"}],"wp:term":[{"taxonomy":"category","embeddable":true,"href":"https:\/\/tvc16.com\/portal\/wp-json\/wp\/v2\/categories?post=8450"},{"taxonomy":"post_tag","embeddable":true,"href":"https:\/\/tvc16.com\/portal\/wp-json\/wp\/v2\/tags?post=8450"}],"curies":[{"name":"wp","href":"https:\/\/api.w.org\/{rel}","templated":true}]}}