{"id":8456,"date":"2020-12-18T11:50:10","date_gmt":"2020-12-18T14:50:10","guid":{"rendered":"https:\/\/tvc16.com\/portal\/?p=8456"},"modified":"2020-12-18T11:50:12","modified_gmt":"2020-12-18T14:50:12","slug":"stf-determina-obrigatoriedade-da-vacinacao-contra-covid-19","status":"publish","type":"post","link":"https:\/\/tvc16.com\/portal\/2020\/12\/18\/stf-determina-obrigatoriedade-da-vacinacao-contra-covid-19\/","title":{"rendered":"STF determina obrigatoriedade da vacina\u00e7\u00e3o contra Covid-19"},"content":{"rendered":"\n<p>Nenhuma lei prev\u00ea que o cidad\u00e3o seja levado \u00e0 for\u00e7a para tomar a vacina, mas a eventual norma poder\u00e1 prever a restri\u00e7\u00e3o de direitos pela falta de comprova\u00e7\u00e3o da imuniza\u00e7\u00e3o<\/p>\n\n\n\n<p>O Supremo Tribunal Federal (STF) deu aval para que os governos locais possam estabelecer medidas para vacina\u00e7\u00e3o compuls\u00f3ria da popula\u00e7\u00e3o contra a Covid-19. Conforme o entendimento, a Uni\u00e3o, os estados e os munic\u00edpios podem estabelecer medidas legais pela obrigatoriedade, mas n\u00e3o podem determinar a vacina\u00e7\u00e3o for\u00e7ada.&nbsp;<\/p>\n\n\n\n<p>Nenhuma lei afirma que o cidad\u00e3o seja levado \u00e0 for\u00e7a para tomar a vacina, mas a eventual norma poder\u00e1 prever a restri\u00e7\u00e3o de direitos pela falta de comprova\u00e7\u00e3o da vacina\u00e7\u00e3o, como deixar de receber um benef\u00edcio, ser proibido de entrar em algum lugar ou ser impedido de realizar matr\u00edcula escolar na rede p\u00fablica de ensino.&nbsp;<\/p>\n\n\n\n<p><a href=\"https:\/\/brasil61.com\/noticias\/sus-vai-ter-prioridade-nas-vacinas-produzidas-no-brasil-afirma-pazuello-bras203047\"><strong>\u201cSUS vai ter prioridade nas vacinas produzidas no Brasil\u201d, afirma Pazuello<\/strong><\/a><\/p>\n\n\n\n<p><a href=\"https:\/\/brasil61.com\/noticias\/coronavac-governo-de-sao-paulo-da-mais-um-passo-para-regulamentacao-da-vacina-bras203013\"><strong>CoronaVac: governo de S\u00e3o Paulo d\u00e1 mais um passo para regulamenta\u00e7\u00e3o da vacina<\/strong><\/a><\/p>\n\n\n\n<p>O caso foi julgado de forma preventiva. At\u00e9 o momento, nenhum dos laborat\u00f3rios que desenvolvem a vacina contra o novo coronav\u00edrus pediu autoriza\u00e7\u00e3o da Ag\u00eancia Nacional de Vigil\u00e2ncia Sanit\u00e1ria (Anvisa) para comercializa\u00e7\u00e3o do produto.&nbsp;<\/p>\n\n\n\n<p>Fonte: <a href=\"https:\/\/brasil61.com\/noticias\/stf-determina-obrigatoriedade-da-vacinacao-contra-covid-19-bras203067?email=bethdeoliveira@yahoo.com.br&amp;utm_source=newsletter&amp;utm_medium=newsletter&amp;utm_campaign=newsletter\" target=\"_blank\" rel=\"noreferrer noopener\">Brasil 61<\/a><\/p>\n","protected":false},"excerpt":{"rendered":"<p>Nenhuma lei prev\u00ea que o cidad\u00e3o seja levado \u00e0 for\u00e7a para tomar a vacina, mas<\/p>\n","protected":false},"author":2,"featured_media":8457,"comment_status":"open","ping_status":"open","sticky":false,"template":"","format":"standard","meta":{"footnotes":""},"categories":[17],"tags":[],"class_list":["post-8456","post","type-post","status-publish","format-standard","has-post-thumbnail","hentry","category-outras-noticias"],"_links":{"self":[{"href":"https:\/\/tvc16.com\/portal\/wp-json\/wp\/v2\/posts\/8456","targetHints":{"allow":["GET"]}}],"collection":[{"href":"https:\/\/tvc16.com\/portal\/wp-json\/wp\/v2\/posts"}],"about":[{"href":"https:\/\/tvc16.com\/portal\/wp-json\/wp\/v2\/types\/post"}],"author":[{"embeddable":true,"href":"https:\/\/tvc16.com\/portal\/wp-json\/wp\/v2\/users\/2"}],"replies":[{"embeddable":true,"href":"https:\/\/tvc16.com\/portal\/wp-json\/wp\/v2\/comments?post=8456"}],"version-history":[{"count":1,"href":"https:\/\/tvc16.com\/portal\/wp-json\/wp\/v2\/posts\/8456\/revisions"}],"predecessor-version":[{"id":8458,"href":"https:\/\/tvc16.com\/portal\/wp-json\/wp\/v2\/posts\/8456\/revisions\/8458"}],"wp:featuredmedia":[{"embeddable":true,"href":"https:\/\/tvc16.com\/portal\/wp-json\/wp\/v2\/media\/8457"}],"wp:attachment":[{"href":"https:\/\/tvc16.com\/portal\/wp-json\/wp\/v2\/media?parent=8456"}],"wp:term":[{"taxonomy":"category","embeddable":true,"href":"https:\/\/tvc16.com\/portal\/wp-json\/wp\/v2\/categories?post=8456"},{"taxonomy":"post_tag","embeddable":true,"href":"https:\/\/tvc16.com\/portal\/wp-json\/wp\/v2\/tags?post=8456"}],"curies":[{"name":"wp","href":"https:\/\/api.w.org\/{rel}","templated":true}]}}