{"id":8462,"date":"2020-12-18T11:55:02","date_gmt":"2020-12-18T14:55:02","guid":{"rendered":"https:\/\/tvc16.com\/portal\/?p=8462"},"modified":"2020-12-18T11:55:04","modified_gmt":"2020-12-18T14:55:04","slug":"municipios-precisam-se-organizar-para-vacinacao-contra-covid-19-diz-medica-infectologista","status":"publish","type":"post","link":"https:\/\/tvc16.com\/portal\/2020\/12\/18\/municipios-precisam-se-organizar-para-vacinacao-contra-covid-19-diz-medica-infectologista\/","title":{"rendered":"\u201cMunic\u00edpios precisam se organizar para vacina\u00e7\u00e3o contra Covid-19\u201d, diz m\u00e9dica infectologista"},"content":{"rendered":"\n<p>O Governo Federal divulgou o plano para vacinar a popula\u00e7\u00e3o contra a Covid-19 e de acordo com o Minist\u00e9rio da Sa\u00fade, o processo ser\u00e1 centralizado pelo Sistema \u00danico de Sa\u00fade (SUS). O Plano Nacional de Operacionaliza\u00e7\u00e3o da Vacina\u00e7\u00e3o contra a doen\u00e7a \u00e9 um documento com diretrizes que tem objetivo de apoiar os Estados e munic\u00edpios no planejamento e organiza\u00e7\u00e3o da vacina\u00e7\u00e3o.<br>&nbsp;<br>E, por isso, tivemos um bate papo exclusivo com a m\u00e9dica infectologista, Raquel Stucchi, para comentar pontos espec\u00edficos dessa proposta. Raquel tamb\u00e9m \u00e9 professora doutora da Faculdade de Ci\u00eancias M\u00e9dicas da Unicamp e membro da Sociedade Brasileira de Infectologia. &nbsp;<\/p>\n\n\n\n<p><strong><a href=\"https:\/\/brasil61.com\/noticias\/sus-vai-ter-prioridade-nas-vacinas-produzidas-no-brasil-afirma-pazuello-bras203047\">\u201cSUS vai ter prioridade nas vacinas produzidas no Brasil\u201d, afirma Pazuello<\/a><\/strong><\/p>\n\n\n\n<p><strong><a href=\"https:\/\/brasil61.com\/noticias\/governo-lanca-plano-nacional-de-vacinacao-contra-a-covid-19-bras203046\">Governo lan\u00e7a plano nacional de vacina\u00e7\u00e3o contra a Covid-19<\/a><br>&nbsp;<\/strong><br>Com a apresenta\u00e7\u00e3o do Plano Nacional de Operacionaliza\u00e7\u00e3o da Vacina\u00e7\u00e3o contra a Covid-19, ficou comprovado que ainda n\u00e3o \u00e9 um plano definitivo e que n\u00e3o responde a muitas perguntas sobre como realizar a campanha de vacina\u00e7\u00e3o. A opini\u00e3o da m\u00e9dica infectologista \u00e9 de que \u201cna verdade \u00e9 o in\u00edcio de uma organiza\u00e7\u00e3o com algumas diretrizes que precisar\u00e3o ser mais detalhadas nas pr\u00f3ximas semanas. Mas o plano j\u00e1 d\u00e1 uma indica\u00e7\u00e3o de como ser\u00e1 a vacina\u00e7\u00e3o contra a Covid-19, o que \u00e9 um avan\u00e7o neste momento t\u00e3o tumultuado sobre a situa\u00e7\u00e3o do Brasil em rela\u00e7\u00e3o a essa doen\u00e7a\u201d, afirmou.<\/p>\n\n\n\n<p>H\u00e1 meses o Governo Federal tem se posicionando no sentido de que vai prestar toda colabora\u00e7\u00e3o para que a vacina seja realizada, o que o plano deixa claro \u00e9 que a log\u00edstica de distribui\u00e7\u00e3o de vacinas vai ser feita da mesma forma como todas as campanhas elaboradas pelo Programa Nacional de Imuniza\u00e7\u00f5es. Em vista disso, a m\u00e9dica infectologista acredita que o papel dos munic\u00edpios no plano de vacina\u00e7\u00e3o seguir\u00e1 exatamente igual ao que se faz h\u00e1 anos.<\/p>\n\n\n\n<p><img decoding=\"async\" alt=\"\" src=\"\/\/s3-sa-east-1.amazonaws.com\/agencia-radio-arb\/3355\/content_olho-1.png\"><br>&nbsp;<br>\u201cOs munic\u00edpios precisam dimensionar o tamanho da sua popula\u00e7\u00e3o priorit\u00e1ria e avaliar qual a sua condi\u00e7\u00e3o atual para fazer a vacina\u00e7\u00e3o. A partir disso elaborar estrat\u00e9gias como: estender o hor\u00e1rio de funcionamento dos postos de sa\u00fade, al\u00e9m de quantificar as seringas e agulhas que precisar\u00e3o ser usadas nessa a\u00e7\u00e3o\u201d, explicou Raquel Stucchi.<br>&nbsp;<br>O planejamento da vacina\u00e7\u00e3o nacional est\u00e1 orientado em conformidade com o registro e licenciamento de vacinas, que no Brasil \u00e9 de atribui\u00e7\u00e3o da Ag\u00eancia Nacional de Vigil\u00e2ncia Sanit\u00e1ria (Anvisa), conforme Lei n\u00ba 6.360\/1976 e outros regulamentos t\u00e9cnicos. Diante disso, fica o questionamento se a aprova\u00e7\u00e3o das vacinas pela Ag\u00eancia Nacional de Vigil\u00e2ncia Sanit\u00e1ria (ANVISA) pode ser um obst\u00e1culo para uma efetiva imuniza\u00e7\u00e3o no Brasil.<br>&nbsp;<br>Para a professora, \u00e9 exatamente o contr\u00e1rio \u201c\u00e9 a valida\u00e7\u00e3o da Anvisa que nos d\u00e1 seguran\u00e7a para que a vacina\u00e7\u00e3o seja realizada em massa na popula\u00e7\u00e3o brasileira. Por isso \u00e9 fundamental ter essa an\u00e1lise e a aprova\u00e7\u00e3o da Ag\u00eancia, uma vez que \u00e9 o \u00f3rg\u00e3o respons\u00e1vel por essa verifica\u00e7\u00e3o no Brasil\u201d, destacou.<br>&nbsp;<br>Segundo o plano brasileiro, o in\u00edcio da vacina\u00e7\u00e3o est\u00e1 previsto para fevereiro de 2021. Isso deixa 4 meses para vacinar todos os grupos priorit\u00e1rios e, em seguida, 12 meses para imunizar o restante da popula\u00e7\u00e3o. Desta maneira, a m\u00e9dica acredita que esse tempo pode ser suficiente para a imuniza\u00e7\u00e3o contra a Covid-19, mas \u201ctudo vai depender dos acordos firmados com os produtores de vacinas. E nisso cabe destacar que n\u00f3s talvez sejamos o Pa\u00eds mais atrasado na formaliza\u00e7\u00e3o de acordos para compra de vacinas\u201d, comentou.<\/p>\n\n\n\n<p><img decoding=\"async\" alt=\"\" src=\"\/\/s3-sa-east-1.amazonaws.com\/agencia-radio-arb\/3356\/content_olho-2.png\"><br>&nbsp;<br>Sobre a necessidade do imunizante precisar de 2 doses tomadas em um intervalo de tempo para fazer efeito e se isso pode gerar dificuldade na imuniza\u00e7\u00e3o, a especialista explicou que \u201ca vacina ideal seria a de dose \u00fanica e com benef\u00edcios como: quantidade suficiente e prote\u00e7\u00e3o de forma prolongada. Mas, infelizmente, n\u00e3o temos uma vacina assim. O sucesso da imuniza\u00e7\u00e3o tamb\u00e9m \u00e9 responsabilidade dos estados, munic\u00edpios e popula\u00e7\u00e3o\u201d, avaliou. &nbsp;<br>&nbsp;<br>Por fim, em rela\u00e7\u00e3o \u00e0 exig\u00eancia de assinatura do termo de responsabilidade para quem tomar a vacina com status de uso emergencial, a m\u00e9dica acredita que isso seja desnecess\u00e1rio. \u201cUm documento desse tipo n\u00e3o justifica. Mesmo as vacinas em uso emergencial, aprovadas pelos \u00f3rg\u00e3os regulat\u00f3rios, s\u00e3o certificadas de sua seguran\u00e7a. \u00c9 diferente de algu\u00e9m que resolve participar de um teste para uma vacina que est\u00e1 chegando, o que n\u00e3o \u00e9 o caso. O que pode fazer sentido, para o Governo exigir um termo de responsabilidade, \u00e9 um documento assinado pelos cidad\u00e3os que se recusam a tomar a vacina ou que n\u00e3o adotam as medidas de preven\u00e7\u00e3o, afirmando que se ficarem doentes n\u00e3o v\u00e3o ocupar leitos de hospitais\u201d, declarou.<br>&nbsp;<\/p>\n\n\n\n<figure class=\"wp-block-embed is-type-rich is-provider-incorporar-manipulador wp-block-embed-incorporar-manipulador wp-embed-aspect-16-9 wp-has-aspect-ratio\"><div class=\"wp-block-embed__wrapper\">\n<iframe loading=\"lazy\" title=\"ENTREVISTA DA SEMANA _ Raquel Stucchi, m\u00e9dica infectologista\" width=\"640\" height=\"360\" src=\"https:\/\/www.youtube.com\/embed\/ADK1jbINMis?feature=oembed\" frameborder=\"0\" allow=\"accelerometer; autoplay; clipboard-write; encrypted-media; gyroscope; picture-in-picture; web-share\" referrerpolicy=\"strict-origin-when-cross-origin\" allowfullscreen><\/iframe>\n<\/div><\/figure>\n\n\n\n<p>Em entrevista exclusiva ao portal Brasil61.com m\u00e9dica infectologista, Raquel Stucchi, fala sobre o plano nacional de vacina\u00e7\u00e3o contra o coronav\u00edrus<\/p>\n\n\n\n<p>Fonte: <a rel=\"noreferrer noopener\" href=\"https:\/\/brasil61.com\/noticias\/municipios-precisam-se-organizar-para-vacinacao-contra-covid-19-diz-medica-infectologista-bras203065?email=bethdeoliveira@yahoo.com.br&amp;utm_source=newsletter&amp;utm_medium=newsletter&amp;utm_campaign=newsletter\" target=\"_blank\">Brasil 61<\/a><\/p>\n","protected":false},"excerpt":{"rendered":"<p>O Governo Federal divulgou o plano para vacinar a popula\u00e7\u00e3o contra a Covid-19 e de<\/p>\n","protected":false},"author":2,"featured_media":8464,"comment_status":"open","ping_status":"open","sticky":false,"template":"","format":"standard","meta":{"footnotes":""},"categories":[17],"tags":[],"class_list":["post-8462","post","type-post","status-publish","format-standard","has-post-thumbnail","hentry","category-outras-noticias"],"_links":{"self":[{"href":"https:\/\/tvc16.com\/portal\/wp-json\/wp\/v2\/posts\/8462","targetHints":{"allow":["GET"]}}],"collection":[{"href":"https:\/\/tvc16.com\/portal\/wp-json\/wp\/v2\/posts"}],"about":[{"href":"https:\/\/tvc16.com\/portal\/wp-json\/wp\/v2\/types\/post"}],"author":[{"embeddable":true,"href":"https:\/\/tvc16.com\/portal\/wp-json\/wp\/v2\/users\/2"}],"replies":[{"embeddable":true,"href":"https:\/\/tvc16.com\/portal\/wp-json\/wp\/v2\/comments?post=8462"}],"version-history":[{"count":1,"href":"https:\/\/tvc16.com\/portal\/wp-json\/wp\/v2\/posts\/8462\/revisions"}],"predecessor-version":[{"id":8465,"href":"https:\/\/tvc16.com\/portal\/wp-json\/wp\/v2\/posts\/8462\/revisions\/8465"}],"wp:featuredmedia":[{"embeddable":true,"href":"https:\/\/tvc16.com\/portal\/wp-json\/wp\/v2\/media\/8464"}],"wp:attachment":[{"href":"https:\/\/tvc16.com\/portal\/wp-json\/wp\/v2\/media?parent=8462"}],"wp:term":[{"taxonomy":"category","embeddable":true,"href":"https:\/\/tvc16.com\/portal\/wp-json\/wp\/v2\/categories?post=8462"},{"taxonomy":"post_tag","embeddable":true,"href":"https:\/\/tvc16.com\/portal\/wp-json\/wp\/v2\/tags?post=8462"}],"curies":[{"name":"wp","href":"https:\/\/api.w.org\/{rel}","templated":true}]}}