{"id":8466,"date":"2020-12-18T12:30:18","date_gmt":"2020-12-18T15:30:18","guid":{"rendered":"https:\/\/tvc16.com\/portal\/?p=8466"},"modified":"2020-12-18T12:30:20","modified_gmt":"2020-12-18T15:30:20","slug":"petropolis-inicia-2021-sem-prefeito-eleito-nas-urnas-bomtempo-nao-sera-diplomado-nesta-sexta-feira-18-liminar-para-diplomacao-foi-indeferida","status":"publish","type":"post","link":"https:\/\/tvc16.com\/portal\/2020\/12\/18\/petropolis-inicia-2021-sem-prefeito-eleito-nas-urnas-bomtempo-nao-sera-diplomado-nesta-sexta-feira-18-liminar-para-diplomacao-foi-indeferida\/","title":{"rendered":"Petr\u00f3polis inicia 2021 sem prefeito eleito nas urnas. Bomtempo n\u00e3o ser\u00e1 diplomado nesta sexta-feira (18). Liminar para diploma\u00e7\u00e3o foi indeferida"},"content":{"rendered":"\n<p>Presidente da C\u00e2mara Municipal assumir\u00e1 a prefeitura at\u00e9 o Munic\u00edpio ter novo gestor<\/p>\n\n\n\n<p>Rubens Bomtempo entrou com pedido de liminar urgente para ser diplomado nesta sexta-feira (18), mas a decis\u00e3o do Tribunal Superior Eleitoral (TSE) foi contr\u00e1ria ao pedido, ou seja, indeferida pelo ministro S\u00e9rgio Silveira Banhos.<\/p>\n\n\n\n<p>O recurso do candidato, mais votado em Petr\u00f3polis (considerando os votos v\u00e1lidos) ser\u00e1 julgado pelo TSE somente em fevereiro de 2021.  Dependendo do resultado do julgamento, Petr\u00f3polis poder\u00e1 ter novas elei\u00e7\u00f5es no pr\u00f3ximo ano. <\/p>\n\n\n\n<p>Segue parte da Decis\u00e3o:<\/p>\n\n\n\n<p>Sobre o tema, a Corte de origem, ao julgar os embargos de declara\u00e7\u00e3o, assentou que (ID 65235188):<\/p>\n\n\n\n<p>Como se percebe de forma clara, o Minist\u00e9rio P\u00fablico desde o in\u00edcio do processo imputou ao candidato \u00e0 suspens\u00e3o de seus direitos pol\u00edticos em decorr\u00eancia de decis\u00e3o judicial transitada em julgado. A eventualidade do <em>Parquet<\/em> n\u00e3o ter feito uso da express\u00e3o condi\u00e7\u00e3o de elegibilidade, usada por esta Relatora na fundamenta\u00e7\u00e3o de meu voto condutor, n\u00e3o altera em nada a subst\u00e2ncia desta imputa\u00e7\u00e3o feita pelo \u00f3rg\u00e3o ministerial que, repiso uma vez mais, consistia na suspens\u00e3o dos direitos pol\u00edticos por decis\u00e3o judicial transitada em julgado. De igual modo, trago \u00e0 baila o excerto do Recurso interposto pelo Minist\u00e9rio P\u00fablico em que esta quest\u00e3o \u00e9 trazida \u00e0 aprecia\u00e7\u00e3o deste Tribunal Regional Eleitoral.<br><\/p>\n\n\n\n<p>\u201cTrata-se a presente de AIRC e de duas not\u00edcias de inelegibilidade propostas em face do impugnado, por diversas condena\u00e7\u00f5es \u00e0 perda dos direitos pol\u00edticos, seja por parte de \u00f3rg\u00e3o colegiado, seja com tr\u00e2nsito em julgado.<br>Na impugna\u00e7\u00e3o do ora recorrente foram demonstrados tr\u00eas processos em que o recorrido teve seus direitos pol\u00edticos suspensos por decis\u00e3o judicial, a primeira delas com tr\u00e2nsito em julgado:<br>1 \u2013 Proc. 0030554-30.2013.8.19.0042 onde o recorrido foi condenado com<br>tr\u00e2nsito em julgado \u00e0 perda dos direitos pol\u00edticos pelo prazo de 8 (oito) anos por aus\u00eancia de repasse de verbas do INSS entre os anos de 2001 a 2008.\u201d<br><br>Como se v\u00ea, n\u00e3o h\u00e1 como conceder raz\u00e3o ao requerente pois a <em>quaestio iuris<\/em> foi colocada nos autos na pe\u00e7a inicial da impugna\u00e7\u00e3o ao registro e, de igual maneira, foi reiterada na pe\u00e7a recursal, tendo o recorrente diversas oportunidades de se manifestar sobre o teor da imputa\u00e7\u00e3o.<\/p>\n\n\n\n<p>Enfim, nesse exame pr\u00e9vio, entendo que n\u00e3o est\u00e1 demonstrada a plausibilidade recursal, de modo que se imp\u00f5e o indeferimento do pedido.<br>Por essas raz\u00f5es, indefiro a tutela de urg\u00eancia incidental apresentada por Rubens Jos\u00e9 Fran\u00e7a Bomtempo.<br>Publique-se em mural.<br>Intime-se.<\/p>\n\n\n\n<p><br>Ministro SERGIO SILVEIRA BANHOS<\/p>\n","protected":false},"excerpt":{"rendered":"<p>Presidente da C\u00e2mara Municipal assumir\u00e1 a prefeitura at\u00e9 o Munic\u00edpio ter novo gestor Rubens Bomtempo<\/p>\n","protected":false},"author":2,"featured_media":8467,"comment_status":"open","ping_status":"open","sticky":false,"template":"","format":"standard","meta":{"footnotes":""},"categories":[12],"tags":[],"class_list":["post-8466","post","type-post","status-publish","format-standard","has-post-thumbnail","hentry","category-cidade"],"_links":{"self":[{"href":"https:\/\/tvc16.com\/portal\/wp-json\/wp\/v2\/posts\/8466","targetHints":{"allow":["GET"]}}],"collection":[{"href":"https:\/\/tvc16.com\/portal\/wp-json\/wp\/v2\/posts"}],"about":[{"href":"https:\/\/tvc16.com\/portal\/wp-json\/wp\/v2\/types\/post"}],"author":[{"embeddable":true,"href":"https:\/\/tvc16.com\/portal\/wp-json\/wp\/v2\/users\/2"}],"replies":[{"embeddable":true,"href":"https:\/\/tvc16.com\/portal\/wp-json\/wp\/v2\/comments?post=8466"}],"version-history":[{"count":1,"href":"https:\/\/tvc16.com\/portal\/wp-json\/wp\/v2\/posts\/8466\/revisions"}],"predecessor-version":[{"id":8468,"href":"https:\/\/tvc16.com\/portal\/wp-json\/wp\/v2\/posts\/8466\/revisions\/8468"}],"wp:featuredmedia":[{"embeddable":true,"href":"https:\/\/tvc16.com\/portal\/wp-json\/wp\/v2\/media\/8467"}],"wp:attachment":[{"href":"https:\/\/tvc16.com\/portal\/wp-json\/wp\/v2\/media?parent=8466"}],"wp:term":[{"taxonomy":"category","embeddable":true,"href":"https:\/\/tvc16.com\/portal\/wp-json\/wp\/v2\/categories?post=8466"},{"taxonomy":"post_tag","embeddable":true,"href":"https:\/\/tvc16.com\/portal\/wp-json\/wp\/v2\/tags?post=8466"}],"curies":[{"name":"wp","href":"https:\/\/api.w.org\/{rel}","templated":true}]}}