{"id":8469,"date":"2020-12-18T12:44:09","date_gmt":"2020-12-18T15:44:09","guid":{"rendered":"https:\/\/tvc16.com\/portal\/?p=8469"},"modified":"2020-12-18T12:44:11","modified_gmt":"2020-12-18T15:44:11","slug":"vacina-no-brasil-pfizer-quer-100-de-isencao-em-eventuais-acoes-judiciais-no-pais","status":"publish","type":"post","link":"https:\/\/tvc16.com\/portal\/2020\/12\/18\/vacina-no-brasil-pfizer-quer-100-de-isencao-em-eventuais-acoes-judiciais-no-pais\/","title":{"rendered":"Vacina no Brasil: Pfizer quer 100% de isen\u00e7\u00e3o em eventuais a\u00e7\u00f5es judiciais no pa\u00eds"},"content":{"rendered":"\n<p>A Pfizer afirmou que o pedido para uso emergencial de sua vacina contra o coronav\u00edrus no Brasil ainda depende de\u00a0<strong><a rel=\"noreferrer noopener\" target=\"_blank\" href=\"http:\/\/click.emailabril.com.br\/?qs=45dca63ae4771c0de0e3c4116e1c876d96152bd1f6595616c1e7ccf57c6c70e297106180b4cf53af511eea155bf4920ee0687cef062fe4ec\">defini\u00e7\u00f5es do governo<\/a>\u00a0<\/strong>.<\/p>\n\n\n\n<p>A farmac\u00eautica disse que para tal libera\u00e7\u00e3o\u00a0a Anvisa pede detalhes como quantitativo de doses e o cronograma. Em comunicado, a empresa ressaltou que esses pontos s\u00f3 poder\u00e3o ser definidos no contrato de compra, ainda n\u00e3o assinado pelo Minist\u00e9rio da Sa\u00fade. Mas um\u00a0ponto tem\u00a0<strong><a rel=\"noreferrer noopener\" target=\"_blank\" href=\"http:\/\/click.emailabril.com.br\/?qs=45dca63ae4771c0d8de1991081671ccc4d83b8a34f73b11ac96d121239f3dc4a2e2ebacf2c67efc58c7f8d800e7796a6edc7b7f872889780\">emperrado as negocia\u00e7\u00f5es<\/a>\u00a0<\/strong>: o laborat\u00f3rio americano quer 100% de isen\u00e7\u00e3o em eventuais a\u00e7\u00f5es judiciais por efeitos adversos, e, caso isso ocorra, n\u00e3o quer ser julgado em tribunais brasileiros. O governo federal \u00e9 veemente contra esse pedido.<\/p>\n","protected":false},"excerpt":{"rendered":"<p>A Pfizer afirmou que o pedido para uso emergencial de sua vacina contra o coronav\u00edrus<\/p>\n","protected":false},"author":2,"featured_media":8470,"comment_status":"open","ping_status":"open","sticky":false,"template":"","format":"standard","meta":{"footnotes":""},"categories":[17],"tags":[],"class_list":["post-8469","post","type-post","status-publish","format-standard","has-post-thumbnail","hentry","category-outras-noticias"],"_links":{"self":[{"href":"https:\/\/tvc16.com\/portal\/wp-json\/wp\/v2\/posts\/8469","targetHints":{"allow":["GET"]}}],"collection":[{"href":"https:\/\/tvc16.com\/portal\/wp-json\/wp\/v2\/posts"}],"about":[{"href":"https:\/\/tvc16.com\/portal\/wp-json\/wp\/v2\/types\/post"}],"author":[{"embeddable":true,"href":"https:\/\/tvc16.com\/portal\/wp-json\/wp\/v2\/users\/2"}],"replies":[{"embeddable":true,"href":"https:\/\/tvc16.com\/portal\/wp-json\/wp\/v2\/comments?post=8469"}],"version-history":[{"count":1,"href":"https:\/\/tvc16.com\/portal\/wp-json\/wp\/v2\/posts\/8469\/revisions"}],"predecessor-version":[{"id":8471,"href":"https:\/\/tvc16.com\/portal\/wp-json\/wp\/v2\/posts\/8469\/revisions\/8471"}],"wp:featuredmedia":[{"embeddable":true,"href":"https:\/\/tvc16.com\/portal\/wp-json\/wp\/v2\/media\/8470"}],"wp:attachment":[{"href":"https:\/\/tvc16.com\/portal\/wp-json\/wp\/v2\/media?parent=8469"}],"wp:term":[{"taxonomy":"category","embeddable":true,"href":"https:\/\/tvc16.com\/portal\/wp-json\/wp\/v2\/categories?post=8469"},{"taxonomy":"post_tag","embeddable":true,"href":"https:\/\/tvc16.com\/portal\/wp-json\/wp\/v2\/tags?post=8469"}],"curies":[{"name":"wp","href":"https:\/\/api.w.org\/{rel}","templated":true}]}}