{"id":847,"date":"2020-09-21T19:57:02","date_gmt":"2020-09-21T19:57:02","guid":{"rendered":"https:\/\/tvc16.com\/portal\/?p=847"},"modified":"2020-09-21T19:57:02","modified_gmt":"2020-09-21T19:57:02","slug":"senado-deve-analisar-mp-que-concede-reajuste-a-policiais-e-bombeiros-do-df","status":"publish","type":"post","link":"https:\/\/tvc16.com\/portal\/2020\/09\/21\/senado-deve-analisar-mp-que-concede-reajuste-a-policiais-e-bombeiros-do-df\/","title":{"rendered":"Senado deve analisar MP que concede reajuste a policiais e bombeiros do DF"},"content":{"rendered":"\n<p>O Plen\u00e1rio da C\u00e2mara dos Deputados aprovou nesta segunda-feira (21) a medida provis\u00f3ria que concede aumento salarial retroativo a janeiro de 2020 para os policiais civis e militares e bombeiros militares do Distrito Federal.<\/p>\n\n\n\n<p>A&nbsp;<a href=\"https:\/\/www.camara.leg.br\/proposicoesWeb\/fichadetramitacao?idProposicao=2253827\">MP 971\/2020<\/a> foi aprovada conforme o texto original, do Poder Executivo, e ser\u00e1 enviada agora ao Senado, que s\u00f3 tem at\u00e9 ter\u00e7a-feira (22), \u00faltimo dia de vig\u00eancia da MP, para vot\u00e1-la.<\/p>\n\n\n\n<p>O reajuste aprovado \u00e9 de 25% na Vantagem Pecuni\u00e1ria Especial (VPE) devida a policiais militares e bombeiros. Para os policiais civis o aumento \u00e9 de 8%, linear, para todos os cargos.<\/p>\n\n\n\n<p>O dinheiro para custear o reajuste sair\u00e1 do Fundo Constitucional do Distrito Federal (FCDF), que reserva neste ano R$ 15,7 bilh\u00f5es para o governo local cobrir gastos com seguran\u00e7a p\u00fablica, sa\u00fade e educa\u00e7\u00e3o. O fundo faz parte do Or\u00e7amento federal.<\/p>\n\n\n\n<p>O relator da MP foi o deputado <a href=\"https:\/\/www.camara.leg.br\/deputados\/204381\">Luis Miranda (DEM-DF)<\/a>, <a href=\"https:\/\/www.camara.leg.br\/proposicoesWeb\/prop_mostrarintegra?codteor=1931278&amp;filename=Tramitacao-MPV+971\/2020\">que apresentou parecer favor\u00e1vel<\/a> ao texto original e rejeitou as 74 emendas apresentadas, como parte de um acordo para aprovar a medida provis\u00f3ria de forma mais r\u00e1pida.<\/p>\n\n\n\n<p>Miranda defendeu o reajuste \u00e0s categorias e disse que o \u00faltimo foi concedido em 2013. \u201cS\u00f3 na Pol\u00edcia Civil s\u00e3o mais de 60% de perdas salariais\u201d, comentou. Ele acrescentou que o reajuste n\u00e3o representa aumento de gastos para a Uni\u00e3o, pois os recursos j\u00e1 est\u00e3o previstos no FCDF.<\/p>\n\n\n\n<h3 class=\"wp-block-heading\"><strong>Sal\u00e1rios<\/strong><\/h3>\n\n\n\n<p>Pelo texto aprovado, o sal\u00e1rio de um agente da Pol\u00edcia Civil do Distrito Federal, por exemplo, que hoje varia de R$ 8,7 mil a R$ 13,7 mil, passar\u00e1 para R$ 9,4 mil a R$ 14,8 mil. Delegados, que recebem entre R$ 16,8 mil e R$ 22,8 mil, passar\u00e3o a ganhar de R$ 18,2 mil a R$ 24,6 mil.<\/p>\n\n\n\n<p>No caso dos policiais militares, o piso salta de R$ 5,2 mil para R$ 6,5 mil. Um coronel da PM do DF tem remunera\u00e7\u00e3o de at\u00e9 R$ 24 mil e passar\u00e1 a receber R$ 30 mil.<\/p>\n\n\n\n<p>O impacto or\u00e7ament\u00e1rio anual estimado do reajuste \u00e9 de pouco mais de R$ 519 milh\u00f5es, dos quais R$ 370 milh\u00f5es para atender a 16.271 militares ativos, 14.214 inativos e 3.505 pensionistas. Na Pol\u00edcia Civil, R$ 149 milh\u00f5es suportar\u00e3o o reajuste de 4.185 servidores ativos, 4.233 aposentados e 1.047 pensionistas.<\/p>\n\n\n\n<h3 class=\"wp-block-heading\"><strong>Ex-territ\u00f3rios<\/strong><\/h3>\n\n\n\n<p>A MP 971 tamb\u00e9m corrige a vantagem pecuni\u00e1ria espec\u00edfica (VPExt) devida a PMs e bombeiros da ativa, inativos e pensionistas dos ex-territ\u00f3rios do Amap\u00e1, de Rond\u00f4nia e de Roraima. Essas carreiras fazem parte de quadro em extin\u00e7\u00e3o de servidores da Uni\u00e3o admitidos antes da instala\u00e7\u00e3o das administra\u00e7\u00f5es estaduais.<\/p>\n\n\n\n<p>Para esse grupo, o impacto or\u00e7ament\u00e1rio ser\u00e1 de R$ 30 milh\u00f5es ao ano para 541 policiais e bombeiros militares da ativa, 2.244 em inatividade e 545 pensionistas.<\/p>\n\n\n\n<p><em>Da Ag\u00eancia C\u00e2mara<\/em><\/p>\n\n\n\n<p>Fonte: Ag\u00eancia Senado<\/p>\n\n\n\n<p><\/p>\n","protected":false},"excerpt":{"rendered":"<p>O Plen\u00e1rio da C\u00e2mara dos Deputados aprovou nesta segunda-feira (21) a medida provis\u00f3ria que concede<\/p>\n","protected":false},"author":2,"featured_media":851,"comment_status":"open","ping_status":"open","sticky":false,"template":"","format":"standard","meta":{"footnotes":""},"categories":[15],"tags":[],"class_list":["post-847","post","type-post","status-publish","format-standard","has-post-thumbnail","hentry","category-politica"],"_links":{"self":[{"href":"https:\/\/tvc16.com\/portal\/wp-json\/wp\/v2\/posts\/847","targetHints":{"allow":["GET"]}}],"collection":[{"href":"https:\/\/tvc16.com\/portal\/wp-json\/wp\/v2\/posts"}],"about":[{"href":"https:\/\/tvc16.com\/portal\/wp-json\/wp\/v2\/types\/post"}],"author":[{"embeddable":true,"href":"https:\/\/tvc16.com\/portal\/wp-json\/wp\/v2\/users\/2"}],"replies":[{"embeddable":true,"href":"https:\/\/tvc16.com\/portal\/wp-json\/wp\/v2\/comments?post=847"}],"version-history":[{"count":1,"href":"https:\/\/tvc16.com\/portal\/wp-json\/wp\/v2\/posts\/847\/revisions"}],"predecessor-version":[{"id":852,"href":"https:\/\/tvc16.com\/portal\/wp-json\/wp\/v2\/posts\/847\/revisions\/852"}],"wp:featuredmedia":[{"embeddable":true,"href":"https:\/\/tvc16.com\/portal\/wp-json\/wp\/v2\/media\/851"}],"wp:attachment":[{"href":"https:\/\/tvc16.com\/portal\/wp-json\/wp\/v2\/media?parent=847"}],"wp:term":[{"taxonomy":"category","embeddable":true,"href":"https:\/\/tvc16.com\/portal\/wp-json\/wp\/v2\/categories?post=847"},{"taxonomy":"post_tag","embeddable":true,"href":"https:\/\/tvc16.com\/portal\/wp-json\/wp\/v2\/tags?post=847"}],"curies":[{"name":"wp","href":"https:\/\/api.w.org\/{rel}","templated":true}]}}