{"id":8472,"date":"2020-12-18T16:24:27","date_gmt":"2020-12-18T19:24:27","guid":{"rendered":"https:\/\/tvc16.com\/portal\/?p=8472"},"modified":"2020-12-18T16:24:30","modified_gmt":"2020-12-18T19:24:30","slug":"sicomercio-petropolis-faz-alerta-fechamento-do-comercio-e-noticia-falsa","status":"publish","type":"post","link":"https:\/\/tvc16.com\/portal\/2020\/12\/18\/sicomercio-petropolis-faz-alerta-fechamento-do-comercio-e-noticia-falsa\/","title":{"rendered":"Sicom\u00e9rcio Petr\u00f3polis faz alerta: fechamento do com\u00e9rcio \u00e9 not\u00edcia falsa"},"content":{"rendered":"\n<p><\/p>\n\n\n\n<p>Circula nas redes sociais nesta sexta-feira (18) um material informando que o com\u00e9rcio de Petr\u00f3polis ser\u00e1 fechado devido a nova onda de covid-19 no Munic\u00edpio. A informa\u00e7\u00e3o \u00e9 falsa. O material que vem sendo compartilhado \u00e9 uma reprodu\u00e7\u00e3o de not\u00edcia veiculada em mar\u00e7o de 2020, quando de fato, os estabelecimentos comerciais da Cidade fecharam as portas.<\/p>\n\n\n\n<figure class=\"wp-block-image size-large\"><img loading=\"lazy\" decoding=\"async\" width=\"771\" height=\"1024\" src=\"https:\/\/tvc16.com\/portal\/wp-content\/uploads\/2020\/12\/ALERTA-NOTICIA-FALSA-SICOMERCIO-771x1024.jpg\" alt=\"\" class=\"wp-image-8473\" srcset=\"https:\/\/tvc16.com\/portal\/wp-content\/uploads\/2020\/12\/ALERTA-NOTICIA-FALSA-SICOMERCIO-771x1024.jpg 771w, https:\/\/tvc16.com\/portal\/wp-content\/uploads\/2020\/12\/ALERTA-NOTICIA-FALSA-SICOMERCIO-226x300.jpg 226w, https:\/\/tvc16.com\/portal\/wp-content\/uploads\/2020\/12\/ALERTA-NOTICIA-FALSA-SICOMERCIO-768x1020.jpg 768w, https:\/\/tvc16.com\/portal\/wp-content\/uploads\/2020\/12\/ALERTA-NOTICIA-FALSA-SICOMERCIO.jpg 964w\" sizes=\"auto, (max-width: 771px) 100vw, 771px\" \/><figcaption>Not\u00edcia de mar\u00e7o de 2020 &#8211; in\u00edcio da pandemia <\/figcaption><\/figure>\n\n\n\n<p>Marcelo Fiorini, presidente do Sindicato do Com\u00e9rcio Varejista de Petr\u00f3polis (Sicom\u00e9rcio Petr\u00f3polis), informa que at\u00e9 esta sexta-feira, dia 18 de dezembro de 2020 n\u00e3o h\u00e1 qualquer determina\u00e7\u00e3o de retrocesso na flexibiliza\u00e7\u00e3o que permitiu o funcionamento em hor\u00e1rio integral dos estabelecimentos comerciais da cidade.<\/p>\n\n\n\n<figure class=\"wp-block-image size-large\"><img loading=\"lazy\" decoding=\"async\" width=\"768\" height=\"1024\" src=\"https:\/\/tvc16.com\/portal\/wp-content\/uploads\/2020\/12\/Marcelo-Fiorini-Presidente-do-Sicomercio-Petropolis-Divulgacao.jpg\" alt=\"\" class=\"wp-image-8474\" srcset=\"https:\/\/tvc16.com\/portal\/wp-content\/uploads\/2020\/12\/Marcelo-Fiorini-Presidente-do-Sicomercio-Petropolis-Divulgacao.jpg 768w, https:\/\/tvc16.com\/portal\/wp-content\/uploads\/2020\/12\/Marcelo-Fiorini-Presidente-do-Sicomercio-Petropolis-Divulgacao-225x300.jpg 225w\" sizes=\"auto, (max-width: 768px) 100vw, 768px\" \/><figcaption>Marcelo Fiorini  &#8211; presidente Sicom\u00e9rcio<\/figcaption><\/figure>\n\n\n\n<p>O Sicom\u00e9rcio vem acompanhando as decis\u00f5es do poder executivo sobre medidas para combate ao novo coronav\u00edrus e qualquer informa\u00e7\u00e3o relacionada ao funcionamento das lojas, ser\u00e1 amplamente divulgada pelo Sindicato.<\/p>\n\n\n\n<p>O Sicom\u00e9rcio refor\u00e7a que todos os estabelecimentos est\u00e3o seguindo rigorosamente os protocolos determinados pelas autoridades sanit\u00e1rias para atendimento seguro dos clientes.<\/p>\n","protected":false},"excerpt":{"rendered":"<p>Circula nas redes sociais nesta sexta-feira (18) um material informando que o com\u00e9rcio de Petr\u00f3polis<\/p>\n","protected":false},"author":2,"featured_media":8475,"comment_status":"open","ping_status":"open","sticky":false,"template":"","format":"standard","meta":{"footnotes":""},"categories":[12],"tags":[],"class_list":["post-8472","post","type-post","status-publish","format-standard","has-post-thumbnail","hentry","category-cidade"],"_links":{"self":[{"href":"https:\/\/tvc16.com\/portal\/wp-json\/wp\/v2\/posts\/8472","targetHints":{"allow":["GET"]}}],"collection":[{"href":"https:\/\/tvc16.com\/portal\/wp-json\/wp\/v2\/posts"}],"about":[{"href":"https:\/\/tvc16.com\/portal\/wp-json\/wp\/v2\/types\/post"}],"author":[{"embeddable":true,"href":"https:\/\/tvc16.com\/portal\/wp-json\/wp\/v2\/users\/2"}],"replies":[{"embeddable":true,"href":"https:\/\/tvc16.com\/portal\/wp-json\/wp\/v2\/comments?post=8472"}],"version-history":[{"count":1,"href":"https:\/\/tvc16.com\/portal\/wp-json\/wp\/v2\/posts\/8472\/revisions"}],"predecessor-version":[{"id":8476,"href":"https:\/\/tvc16.com\/portal\/wp-json\/wp\/v2\/posts\/8472\/revisions\/8476"}],"wp:featuredmedia":[{"embeddable":true,"href":"https:\/\/tvc16.com\/portal\/wp-json\/wp\/v2\/media\/8475"}],"wp:attachment":[{"href":"https:\/\/tvc16.com\/portal\/wp-json\/wp\/v2\/media?parent=8472"}],"wp:term":[{"taxonomy":"category","embeddable":true,"href":"https:\/\/tvc16.com\/portal\/wp-json\/wp\/v2\/categories?post=8472"},{"taxonomy":"post_tag","embeddable":true,"href":"https:\/\/tvc16.com\/portal\/wp-json\/wp\/v2\/tags?post=8472"}],"curies":[{"name":"wp","href":"https:\/\/api.w.org\/{rel}","templated":true}]}}