{"id":8477,"date":"2020-12-18T16:38:43","date_gmt":"2020-12-18T19:38:43","guid":{"rendered":"https:\/\/tvc16.com\/portal\/?p=8477"},"modified":"2020-12-18T16:38:46","modified_gmt":"2020-12-18T19:38:46","slug":"equipes-da-saude-realizaram-acoes-no-thouzet-e-cascatinha-atividades-fazem-parte-da-ampliacao-das-medidas-contra-a-covid-19-no-municipio","status":"publish","type":"post","link":"https:\/\/tvc16.com\/portal\/2020\/12\/18\/equipes-da-saude-realizaram-acoes-no-thouzet-e-cascatinha-atividades-fazem-parte-da-ampliacao-das-medidas-contra-a-covid-19-no-municipio\/","title":{"rendered":"Equipes da sa\u00fade realizaram a\u00e7\u00f5es no Thouzet e Cascatinha. Atividades fazem parte da amplia\u00e7\u00e3o das medidas contra a COVID-19 no Munic\u00edpio"},"content":{"rendered":"\n<p>No Thouzet, os usu\u00e1rios foram atendidos na Escola Paroquial Bom Jesus. Em Cascatinha, a a\u00e7\u00e3o ocorreu na Igreja Matriz central. Al\u00e9m de uma equipe fixa, outra equipe m\u00f3vel percorreu as ruas de ambos os bairros realizando exames de casa em casa.<\/p>\n\n\n\n<figure class=\"wp-block-image size-large\"><img loading=\"lazy\" decoding=\"async\" width=\"1024\" height=\"768\" src=\"https:\/\/tvc16.com\/portal\/wp-content\/uploads\/2020\/12\/WhatsApp-Image-2020-12-18-at-11_05_29-1024x768.jpeg\" alt=\"\" class=\"wp-image-8478\" srcset=\"https:\/\/tvc16.com\/portal\/wp-content\/uploads\/2020\/12\/WhatsApp-Image-2020-12-18-at-11_05_29-1024x768.jpeg 1024w, https:\/\/tvc16.com\/portal\/wp-content\/uploads\/2020\/12\/WhatsApp-Image-2020-12-18-at-11_05_29-300x225.jpeg 300w, https:\/\/tvc16.com\/portal\/wp-content\/uploads\/2020\/12\/WhatsApp-Image-2020-12-18-at-11_05_29-768x576.jpeg 768w, https:\/\/tvc16.com\/portal\/wp-content\/uploads\/2020\/12\/WhatsApp-Image-2020-12-18-at-11_05_29-200x150.jpeg 200w, https:\/\/tvc16.com\/portal\/wp-content\/uploads\/2020\/12\/WhatsApp-Image-2020-12-18-at-11_05_29.jpeg 1280w\" sizes=\"auto, (max-width: 1024px) 100vw, 1024px\" \/><figcaption>Prefeito Bernardo Rossi e o vice-prefeito Baninho estiveram, nesta sexta-feira (18), em mais dois locais da cidade acompanhando as testagens em massa da popula\u00e7\u00e3o<\/figcaption><\/figure>\n\n\n\n<p>Amanh\u00e3 (19), os testes ser\u00e3o realizados na Pra\u00e7a da Inconfid\u00eancia, no Centro da cidade, e na Pra\u00e7a do Alto da Serra. As a\u00e7\u00f5es t\u00eam in\u00edcio \u00e0s 09h. Os testes em massa fazem parte das amplia\u00e7\u00f5es da prefeitura para frear a dissemina\u00e7\u00e3o da COVID-19 na cidade.<\/p>\n\n\n\n<p><\/p>\n","protected":false},"excerpt":{"rendered":"<p>No Thouzet, os usu\u00e1rios foram atendidos na Escola Paroquial Bom Jesus. Em Cascatinha, a a\u00e7\u00e3o<\/p>\n","protected":false},"author":2,"featured_media":7152,"comment_status":"open","ping_status":"open","sticky":false,"template":"","format":"standard","meta":{"footnotes":""},"categories":[12],"tags":[],"class_list":["post-8477","post","type-post","status-publish","format-standard","has-post-thumbnail","hentry","category-cidade"],"_links":{"self":[{"href":"https:\/\/tvc16.com\/portal\/wp-json\/wp\/v2\/posts\/8477","targetHints":{"allow":["GET"]}}],"collection":[{"href":"https:\/\/tvc16.com\/portal\/wp-json\/wp\/v2\/posts"}],"about":[{"href":"https:\/\/tvc16.com\/portal\/wp-json\/wp\/v2\/types\/post"}],"author":[{"embeddable":true,"href":"https:\/\/tvc16.com\/portal\/wp-json\/wp\/v2\/users\/2"}],"replies":[{"embeddable":true,"href":"https:\/\/tvc16.com\/portal\/wp-json\/wp\/v2\/comments?post=8477"}],"version-history":[{"count":1,"href":"https:\/\/tvc16.com\/portal\/wp-json\/wp\/v2\/posts\/8477\/revisions"}],"predecessor-version":[{"id":8479,"href":"https:\/\/tvc16.com\/portal\/wp-json\/wp\/v2\/posts\/8477\/revisions\/8479"}],"wp:featuredmedia":[{"embeddable":true,"href":"https:\/\/tvc16.com\/portal\/wp-json\/wp\/v2\/media\/7152"}],"wp:attachment":[{"href":"https:\/\/tvc16.com\/portal\/wp-json\/wp\/v2\/media?parent=8477"}],"wp:term":[{"taxonomy":"category","embeddable":true,"href":"https:\/\/tvc16.com\/portal\/wp-json\/wp\/v2\/categories?post=8477"},{"taxonomy":"post_tag","embeddable":true,"href":"https:\/\/tvc16.com\/portal\/wp-json\/wp\/v2\/tags?post=8477"}],"curies":[{"name":"wp","href":"https:\/\/api.w.org\/{rel}","templated":true}]}}